{"id":8366,"date":"2021-09-01T20:36:44","date_gmt":"2021-09-01T20:36:44","guid":{"rendered":"https:\/\/thesonschildren.com\/?p=8366"},"modified":"2024-07-30T03:41:57","modified_gmt":"2024-07-30T03:41:57","slug":"we-commune-together","status":"publish","type":"post","link":"https:\/\/thesonschildren.com\/es\/2021\/09\/01\/we-commune-together\/","title":{"rendered":"Comulgamos juntos"},"content":{"rendered":"<div data-elementor-type=\"wp-post\" data-elementor-id=\"8366\" class=\"elementor elementor-8366\" data-elementor-post-type=\"post\">\n\t\t\t\t\t\t<section class=\"elementor-section elementor-top-section elementor-element elementor-element-6b70b76 elementor-section-boxed elementor-section-height-default elementor-section-height-default\" data-id=\"6b70b76\" data-element_type=\"section\" data-e-type=\"section\">\n\t\t\t\t\t\t<div class=\"elementor-container elementor-column-gap-default\">\n\t\t\t\t\t<div class=\"elementor-column elementor-col-100 elementor-top-column elementor-element elementor-element-a012840\" data-id=\"a012840\" data-element_type=\"column\" data-e-type=\"column\">\n\t\t\t<div class=\"elementor-widget-wrap elementor-element-populated\">\n\t\t\t\t\t\t\t<\/div>\n\t\t<\/div>\n\t\t\t\t\t<\/div>\n\t\t<\/section>\n\t\t\t\t<section class=\"elementor-section elementor-top-section elementor-element elementor-element-6ef855f elementor-section-boxed elementor-section-height-default elementor-section-height-default\" data-id=\"6ef855f\" data-element_type=\"section\" data-e-type=\"section\">\n\t\t\t\t\t\t<div class=\"elementor-container elementor-column-gap-default\">\n\t\t\t\t\t<div class=\"elementor-column elementor-col-100 elementor-top-column elementor-element elementor-element-37bf772\" data-id=\"37bf772\" data-element_type=\"column\" data-e-type=\"column\">\n\t\t\t<div class=\"elementor-widget-wrap elementor-element-populated\">\n\t\t\t\t\t\t<div class=\"elementor-element elementor-element-e5042d8 elementor-widget elementor-widget-text-editor\" data-id=\"e5042d8\" data-element_type=\"widget\" data-e-type=\"widget\" data-widget_type=\"text-editor.default\">\n\t\t\t\t<div class=\"elementor-widget-container\">\n\t\t\t\t\t\t\t\t\t<p>No es frecuente que el trabajo y la fe se crucen. Afortunadamente para nuestro Centro de Aprendizaje, hemos cultivado un lugar donde Cristo es la piedra angular. Sin embargo, el domingo se cruzaron de una manera diferente.\u00a0<\/p><p>\u00a0<\/p><p>Cada uno de nosotros se tom\u00f3 un tiempo libre de sus respectivas iglesias locales para estar... juntos.<\/p><p>\u00a0<\/p><p>Tuvimos la oportunidad de cantar canciones, tanto nuevas como antiguas, juntos. Fuimos al altar y nos cubrimos unos a otros con nuestras oraciones. Escuchamos y asimilamos juntos un poderoso mensaje de instrucci\u00f3n, correcci\u00f3n (e incluso reprensi\u00f3n). Luego, como bonus adicional, partimos el pan (literalmente) con espaguetis, ensalada, pan de ajo y pastelitos.<\/p><p>\u00a0<\/p><p>Nos re\u00edmos. Nos abrazamos. Hablamos.\u00a0<\/p><p>\u00a0<\/p><p>Simplemente disfrutamos de la compa\u00f1\u00eda del otro.<\/p><p>\u00a0<\/p><p>En mis dos a\u00f1os con The Son\u2019s Children, no recuerdo ning\u00fan momento en el que todos estuvi\u00e9ramos bajo un mismo techo de adoraci\u00f3n. Todos pudimos ver de manera tangible lo que realmente significa ser parte del Cuerpo de Cristo y fue realmente algo hermoso.<\/p><p>\u00a0<\/p><p>Sin duda, el tiempo que hemos pasado juntos hoy nos ha unido m\u00e1s, no solo como equipo, sino como comunidad con aquellos que forman parte de la familia de PCA.<\/p><p>\u00a0<\/p><p>Creo que Dios realmente disfruta cuando su pueblo, dejando a un lado todas las diferencias, se re\u00fane para crecer m\u00e1s profundamente en \u00c9l.<\/p><p>\u00a0<\/p><p>Creo que la comunidad realmente hace sonre\u00edr a Dios porque refleja el coraz\u00f3n del Evangelio y el Reino de Dios en la tierra.\u00a0<\/p><p>\u00a0<\/p><p>J\u00f3venes o mayores, negros o blancos, diferencias en las canciones y el culto... el domingo, nada de eso importaba.<\/p><p>\u00a0<\/p><p>Solo hab\u00eda amor.<\/p>\t\t\t\t\t\t\t\t<\/div>\n\t\t\t\t<\/div>\n\t\t\t\t\t<\/div>\n\t\t<\/div>\n\t\t\t\t\t<\/div>\n\t\t<\/section>\n\t\t\t\t<section class=\"elementor-section elementor-top-section elementor-element elementor-element-8e9bcd3 elementor-section-boxed elementor-section-height-default elementor-section-height-default\" data-id=\"8e9bcd3\" data-element_type=\"section\" data-e-type=\"section\">\n\t\t\t\t\t\t<div class=\"elementor-container elementor-column-gap-default\">\n\t\t\t\t\t<div class=\"elementor-column elementor-col-100 elementor-top-column elementor-element elementor-element-cfe7f7d\" data-id=\"cfe7f7d\" data-element_type=\"column\" data-e-type=\"column\">\n\t\t\t<div class=\"elementor-widget-wrap elementor-element-populated\">\n\t\t\t\t\t\t<div class=\"elementor-element elementor-element-e5f3384 elementor-widget elementor-widget-image\" data-id=\"e5f3384\" data-element_type=\"widget\" data-e-type=\"widget\" data-widget_type=\"image.default\">\n\t\t\t\t<div class=\"elementor-widget-container\">\n\t\t\t\t\t\t\t\t\t\t\t\t\t\t\t<img fetchpriority=\"high\" decoding=\"async\" width=\"1100\" height=\"495\" src=\"https:\/\/thesonschildren.com\/wp-content\/uploads\/2021\/09\/Love-1100w-495.jpg\" class=\"attachment-full size-full wp-image-8371\" alt=\"\" srcset=\"https:\/\/thesonschildren.com\/wp-content\/uploads\/2021\/09\/Love-1100w-495.jpg 1100w, https:\/\/thesonschildren.com\/wp-content\/uploads\/2021\/09\/Love-1100w-495-300x135.jpg 300w, https:\/\/thesonschildren.com\/wp-content\/uploads\/2021\/09\/Love-1100w-495-1024x461.jpg 1024w, https:\/\/thesonschildren.com\/wp-content\/uploads\/2021\/09\/Love-1100w-495-768x346.jpg 768w\" sizes=\"(max-width: 1100px) 100vw, 1100px\" \/>\t\t\t\t\t\t\t\t\t\t\t\t\t\t\t<\/div>\n\t\t\t\t<\/div>\n\t\t\t\t\t<\/div>\n\t\t<\/div>\n\t\t\t\t\t<\/div>\n\t\t<\/section>\n\t\t\t\t<section class=\"elementor-section elementor-top-section elementor-element elementor-element-83ae9d3 elementor-section-boxed elementor-section-height-default elementor-section-height-default\" data-id=\"83ae9d3\" data-element_type=\"section\" data-e-type=\"section\">\n\t\t\t\t\t\t<div class=\"elementor-container elementor-column-gap-default\">\n\t\t\t\t\t<div class=\"elementor-column elementor-col-100 elementor-top-column elementor-element elementor-element-1dbe9c0\" data-id=\"1dbe9c0\" data-element_type=\"column\" data-e-type=\"column\">\n\t\t\t<div class=\"elementor-widget-wrap elementor-element-populated\">\n\t\t\t\t\t\t<div class=\"elementor-element elementor-element-35b395e elementor-widget elementor-widget-text-editor\" data-id=\"35b395e\" data-element_type=\"widget\" data-e-type=\"widget\" data-widget_type=\"text-editor.default\">\n\t\t\t\t<div class=\"elementor-widget-container\">\n\t\t\t\t\t\t\t\t\t<p>Me fui el domingo por la tarde con una gran alegr\u00eda en mi coraz\u00f3n por el campus y por todas las personas relacionadas con \u00e9l. Incluso pude llevar a mis hijas conmigo y cada una de nosotras se sinti\u00f3 incre\u00edblemente bendecida.<\/p><p>\u00a0<\/p><p>Si tienes tiempo, necesitas un lugar para practicar tu fe o simplemente te gustar\u00eda visitar una nueva iglesia, \u00a1considera visitar Phoenix Christian Assembly los domingos por la ma\u00f1ana a las 10:30 a. m.!\u00a0<\/p><p>\u00a0<\/p><p>En nombre de nuestra querida comunidad, nos encantar\u00eda contar con su presencia y verlos en el servicio religioso del domingo por la ma\u00f1ana.<\/p><p>\u00a0<\/p><p>\u00a1Que tengas paz y bendiciones, y que tengas una semana maravillosa!<\/p>\t\t\t\t\t\t\t\t<\/div>\n\t\t\t\t<\/div>\n\t\t\t\t\t<\/div>\n\t\t<\/div>\n\t\t\t\t\t<\/div>\n\t\t<\/section>\n\t\t\t\t<\/div>","protected":false},"excerpt":{"rendered":"<p>It isn\u2019t often that work and faith intersect. Fortunately for our Learning Center, we have cultivated a place where Christ is the cornerstone. However, on Sunday, we intersected in a different kind of way.\u00a0 \u00a0 We each took time from our respective home churches to be&#8230;together. \u00a0 We got the opportunity to sing songs, both&#8230;<\/p>","protected":false},"author":4,"featured_media":8375,"comment_status":"open","ping_status":"open","sticky":false,"template":"","format":"standard","meta":{"footnotes":""},"categories":[17],"tags":[],"class_list":["post-8366","post","type-post","status-publish","format-standard","has-post-thumbnail","hentry","category-community"],"yoast_head":"<!-- This site is optimized with the Yoast SEO Premium plugin v27.2 (Yoast SEO v27.2) - https:\/\/yoast.com\/product\/yoast-seo-premium-wordpress\/ -->\n<title>We Commune Together - The Son&#039;s Children<\/title>\n<meta name=\"robots\" content=\"index, follow, max-snippet:-1, max-image-preview:large, max-video-preview:-1\" \/>\n<link rel=\"canonical\" href=\"https:\/\/thesonschildren.com\/es\/2021\/09\/01\/we-commune-together\/\" \/>\n<meta property=\"og:locale\" content=\"es_MX\" \/>\n<meta property=\"og:type\" content=\"article\" \/>\n<meta property=\"og:title\" content=\"We Commune Together\" \/>\n<meta property=\"og:description\" content=\"It isn\u2019t often that work and faith intersect. Fortunately for our Learning Center, we have cultivated a place where Christ is the cornerstone. However, on Sunday, we intersected in a different kind of way.\u00a0 \u00a0 We each took time from our respective home churches to be&#8230;together. \u00a0 We got the opportunity to sing songs, both...\" \/>\n<meta property=\"og:url\" content=\"https:\/\/thesonschildren.com\/es\/2021\/09\/01\/we-commune-together\/\" \/>\n<meta property=\"og:site_name\" content=\"The Son&#039;s Children\" \/>\n<meta property=\"article:publisher\" content=\"https:\/\/www.facebook.com\/TheSonsChildren\/\" \/>\n<meta property=\"article:published_time\" content=\"2021-09-01T20:36:44+00:00\" \/>\n<meta property=\"article:modified_time\" content=\"2024-07-30T03:41:57+00:00\" \/>\n<meta property=\"og:image\" content=\"https:\/\/thesonschildren.com\/wp-content\/uploads\/2021\/09\/Annie-Britnee-1200w-774h.jpg\" \/>\n\t<meta property=\"og:image:width\" content=\"1200\" \/>\n\t<meta property=\"og:image:height\" content=\"774\" \/>\n\t<meta property=\"og:image:type\" content=\"image\/jpeg\" \/>\n<meta name=\"author\" content=\"Britnee Bradshaw\" \/>\n<meta name=\"twitter:card\" content=\"summary_large_image\" \/>\n<meta name=\"twitter:label1\" content=\"Escrito por\" \/>\n\t<meta name=\"twitter:data1\" content=\"Britnee Bradshaw\" \/>\n\t<meta name=\"twitter:label2\" content=\"Tiempo de lectura\" \/>\n\t<meta name=\"twitter:data2\" content=\"2 minutos\" \/>\n<script type=\"application\/ld+json\" class=\"yoast-schema-graph\">{\"@context\":\"https:\/\/schema.org\",\"@graph\":[{\"@type\":\"Article\",\"@id\":\"https:\/\/thesonschildren.com\/2021\/09\/01\/we-commune-together\/#article\",\"isPartOf\":{\"@id\":\"https:\/\/thesonschildren.com\/2021\/09\/01\/we-commune-together\/\"},\"author\":{\"name\":\"Britnee Bradshaw\",\"@id\":\"https:\/\/thesonschildren.com\/#\/schema\/person\/f876f737151ecaa5ab99678474c0d80f\"},\"headline\":\"We Commune Together\",\"datePublished\":\"2021-09-01T20:36:44+00:00\",\"dateModified\":\"2024-07-30T03:41:57+00:00\",\"mainEntityOfPage\":{\"@id\":\"https:\/\/thesonschildren.com\/2021\/09\/01\/we-commune-together\/\"},\"wordCount\":359,\"commentCount\":1,\"publisher\":{\"@id\":\"https:\/\/thesonschildren.com\/#organization\"},\"image\":{\"@id\":\"https:\/\/thesonschildren.com\/2021\/09\/01\/we-commune-together\/#primaryimage\"},\"thumbnailUrl\":\"https:\/\/thesonschildren.com\/wp-content\/uploads\/2021\/09\/Annie-Britnee-1200w-774h.jpg\",\"articleSection\":[\"Community\"],\"inLanguage\":\"es\",\"potentialAction\":[{\"@type\":\"CommentAction\",\"name\":\"Comment\",\"target\":[\"https:\/\/thesonschildren.com\/2021\/09\/01\/we-commune-together\/#respond\"]}]},{\"@type\":\"WebPage\",\"@id\":\"https:\/\/thesonschildren.com\/2021\/09\/01\/we-commune-together\/\",\"url\":\"https:\/\/thesonschildren.com\/2021\/09\/01\/we-commune-together\/\",\"name\":\"We Commune Together - The Son&#039;s Children\",\"isPartOf\":{\"@id\":\"https:\/\/thesonschildren.com\/#website\"},\"primaryImageOfPage\":{\"@id\":\"https:\/\/thesonschildren.com\/2021\/09\/01\/we-commune-together\/#primaryimage\"},\"image\":{\"@id\":\"https:\/\/thesonschildren.com\/2021\/09\/01\/we-commune-together\/#primaryimage\"},\"thumbnailUrl\":\"https:\/\/thesonschildren.com\/wp-content\/uploads\/2021\/09\/Annie-Britnee-1200w-774h.jpg\",\"datePublished\":\"2021-09-01T20:36:44+00:00\",\"dateModified\":\"2024-07-30T03:41:57+00:00\",\"breadcrumb\":{\"@id\":\"https:\/\/thesonschildren.com\/2021\/09\/01\/we-commune-together\/#breadcrumb\"},\"inLanguage\":\"es\",\"potentialAction\":[{\"@type\":\"ReadAction\",\"target\":[\"https:\/\/thesonschildren.com\/2021\/09\/01\/we-commune-together\/\"]}]},{\"@type\":\"ImageObject\",\"inLanguage\":\"es\",\"@id\":\"https:\/\/thesonschildren.com\/2021\/09\/01\/we-commune-together\/#primaryimage\",\"url\":\"https:\/\/thesonschildren.com\/wp-content\/uploads\/2021\/09\/Annie-Britnee-1200w-774h.jpg\",\"contentUrl\":\"https:\/\/thesonschildren.com\/wp-content\/uploads\/2021\/09\/Annie-Britnee-1200w-774h.jpg\",\"width\":1200,\"height\":774},{\"@type\":\"BreadcrumbList\",\"@id\":\"https:\/\/thesonschildren.com\/2021\/09\/01\/we-commune-together\/#breadcrumb\",\"itemListElement\":[{\"@type\":\"ListItem\",\"position\":1,\"name\":\"Home\",\"item\":\"https:\/\/thesonschildren.com\/\"},{\"@type\":\"ListItem\",\"position\":2,\"name\":\"We Commune Together\"}]},{\"@type\":\"WebSite\",\"@id\":\"https:\/\/thesonschildren.com\/#website\",\"url\":\"https:\/\/thesonschildren.com\/\",\"name\":\"The Son's Children\",\"description\":\"Learning Center - Infant, Preschool &amp; After-School Care\",\"publisher\":{\"@id\":\"https:\/\/thesonschildren.com\/#organization\"},\"potentialAction\":[{\"@type\":\"SearchAction\",\"target\":{\"@type\":\"EntryPoint\",\"urlTemplate\":\"https:\/\/thesonschildren.com\/?s={search_term_string}\"},\"query-input\":{\"@type\":\"PropertyValueSpecification\",\"valueRequired\":true,\"valueName\":\"search_term_string\"}}],\"inLanguage\":\"es\"},{\"@type\":\"Organization\",\"@id\":\"https:\/\/thesonschildren.com\/#organization\",\"name\":\"The Son's Children\",\"alternateName\":\"TSC\",\"url\":\"https:\/\/thesonschildren.com\/\",\"logo\":{\"@type\":\"ImageObject\",\"inLanguage\":\"es\",\"@id\":\"https:\/\/thesonschildren.com\/#\/schema\/logo\/image\/\",\"url\":\"https:\/\/thesonschildren.com\/wp-content\/uploads\/2020\/01\/TSC-Logo-2023.png\",\"contentUrl\":\"https:\/\/thesonschildren.com\/wp-content\/uploads\/2020\/01\/TSC-Logo-2023.png\",\"width\":250,\"height\":170,\"caption\":\"The Son's Children\"},\"image\":{\"@id\":\"https:\/\/thesonschildren.com\/#\/schema\/logo\/image\/\"},\"sameAs\":[\"https:\/\/www.facebook.com\/TheSonsChildren\/\"],\"description\":\"Faith-Based Child Care Center Christian Child Care Center Learning Center\"},{\"@type\":\"Person\",\"@id\":\"https:\/\/thesonschildren.com\/#\/schema\/person\/f876f737151ecaa5ab99678474c0d80f\",\"name\":\"Britnee Bradshaw\",\"image\":{\"@type\":\"ImageObject\",\"inLanguage\":\"es\",\"@id\":\"https:\/\/secure.gravatar.com\/avatar\/077670c1f36fde1125dffa06cd2f902aae06692ed88b172ccfa261eff9adcd26?s=96&d=mm&r=g\",\"url\":\"https:\/\/secure.gravatar.com\/avatar\/077670c1f36fde1125dffa06cd2f902aae06692ed88b172ccfa261eff9adcd26?s=96&d=mm&r=g\",\"contentUrl\":\"https:\/\/secure.gravatar.com\/avatar\/077670c1f36fde1125dffa06cd2f902aae06692ed88b172ccfa261eff9adcd26?s=96&d=mm&r=g\",\"caption\":\"Britnee Bradshaw\"},\"url\":\"https:\/\/thesonschildren.com\/es\/author\/britnee-bradshaw\/\"}]}<\/script>\n<!-- \/ Yoast SEO Premium plugin. -->","yoast_head_json":{"title":"We Commune Together - The Son&#039;s Children","robots":{"index":"index","follow":"follow","max-snippet":"max-snippet:-1","max-image-preview":"max-image-preview:large","max-video-preview":"max-video-preview:-1"},"canonical":"https:\/\/thesonschildren.com\/es\/2021\/09\/01\/we-commune-together\/","og_locale":"es_MX","og_type":"article","og_title":"We Commune Together","og_description":"It isn\u2019t often that work and faith intersect. Fortunately for our Learning Center, we have cultivated a place where Christ is the cornerstone. However, on Sunday, we intersected in a different kind of way.\u00a0 \u00a0 We each took time from our respective home churches to be&#8230;together. \u00a0 We got the opportunity to sing songs, both...","og_url":"https:\/\/thesonschildren.com\/es\/2021\/09\/01\/we-commune-together\/","og_site_name":"The Son&#039;s Children","article_publisher":"https:\/\/www.facebook.com\/TheSonsChildren\/","article_published_time":"2021-09-01T20:36:44+00:00","article_modified_time":"2024-07-30T03:41:57+00:00","og_image":[{"width":1200,"height":774,"url":"https:\/\/thesonschildren.com\/wp-content\/uploads\/2021\/09\/Annie-Britnee-1200w-774h.jpg","type":"image\/jpeg"}],"author":"Britnee Bradshaw","twitter_card":"summary_large_image","twitter_misc":{"Escrito por":"Britnee Bradshaw","Tiempo de lectura":"2 minutos"},"schema":{"@context":"https:\/\/schema.org","@graph":[{"@type":"Article","@id":"https:\/\/thesonschildren.com\/2021\/09\/01\/we-commune-together\/#article","isPartOf":{"@id":"https:\/\/thesonschildren.com\/2021\/09\/01\/we-commune-together\/"},"author":{"name":"Britnee Bradshaw","@id":"https:\/\/thesonschildren.com\/#\/schema\/person\/f876f737151ecaa5ab99678474c0d80f"},"headline":"We Commune Together","datePublished":"2021-09-01T20:36:44+00:00","dateModified":"2024-07-30T03:41:57+00:00","mainEntityOfPage":{"@id":"https:\/\/thesonschildren.com\/2021\/09\/01\/we-commune-together\/"},"wordCount":359,"commentCount":1,"publisher":{"@id":"https:\/\/thesonschildren.com\/#organization"},"image":{"@id":"https:\/\/thesonschildren.com\/2021\/09\/01\/we-commune-together\/#primaryimage"},"thumbnailUrl":"https:\/\/thesonschildren.com\/wp-content\/uploads\/2021\/09\/Annie-Britnee-1200w-774h.jpg","articleSection":["Community"],"inLanguage":"es","potentialAction":[{"@type":"CommentAction","name":"Comment","target":["https:\/\/thesonschildren.com\/2021\/09\/01\/we-commune-together\/#respond"]}]},{"@type":"WebPage","@id":"https:\/\/thesonschildren.com\/2021\/09\/01\/we-commune-together\/","url":"https:\/\/thesonschildren.com\/2021\/09\/01\/we-commune-together\/","name":"We Commune Together - The Son&#039;s Children","isPartOf":{"@id":"https:\/\/thesonschildren.com\/#website"},"primaryImageOfPage":{"@id":"https:\/\/thesonschildren.com\/2021\/09\/01\/we-commune-together\/#primaryimage"},"image":{"@id":"https:\/\/thesonschildren.com\/2021\/09\/01\/we-commune-together\/#primaryimage"},"thumbnailUrl":"https:\/\/thesonschildren.com\/wp-content\/uploads\/2021\/09\/Annie-Britnee-1200w-774h.jpg","datePublished":"2021-09-01T20:36:44+00:00","dateModified":"2024-07-30T03:41:57+00:00","breadcrumb":{"@id":"https:\/\/thesonschildren.com\/2021\/09\/01\/we-commune-together\/#breadcrumb"},"inLanguage":"es","potentialAction":[{"@type":"ReadAction","target":["https:\/\/thesonschildren.com\/2021\/09\/01\/we-commune-together\/"]}]},{"@type":"ImageObject","inLanguage":"es","@id":"https:\/\/thesonschildren.com\/2021\/09\/01\/we-commune-together\/#primaryimage","url":"https:\/\/thesonschildren.com\/wp-content\/uploads\/2021\/09\/Annie-Britnee-1200w-774h.jpg","contentUrl":"https:\/\/thesonschildren.com\/wp-content\/uploads\/2021\/09\/Annie-Britnee-1200w-774h.jpg","width":1200,"height":774},{"@type":"BreadcrumbList","@id":"https:\/\/thesonschildren.com\/2021\/09\/01\/we-commune-together\/#breadcrumb","itemListElement":[{"@type":"ListItem","position":1,"name":"Home","item":"https:\/\/thesonschildren.com\/"},{"@type":"ListItem","position":2,"name":"We Commune Together"}]},{"@type":"WebSite","@id":"https:\/\/thesonschildren.com\/#website","url":"https:\/\/thesonschildren.com\/","name":"Los hijos del Hijo","description":"Centro de aprendizaje: cuidado infantil, preescolar y extraescolar","publisher":{"@id":"https:\/\/thesonschildren.com\/#organization"},"potentialAction":[{"@type":"SearchAction","target":{"@type":"EntryPoint","urlTemplate":"https:\/\/thesonschildren.com\/?s={search_term_string}"},"query-input":{"@type":"PropertyValueSpecification","valueRequired":true,"valueName":"search_term_string"}}],"inLanguage":"es"},{"@type":"Organization","@id":"https:\/\/thesonschildren.com\/#organization","name":"Los hijos del Hijo","alternateName":"TSC","url":"https:\/\/thesonschildren.com\/","logo":{"@type":"ImageObject","inLanguage":"es","@id":"https:\/\/thesonschildren.com\/#\/schema\/logo\/image\/","url":"https:\/\/thesonschildren.com\/wp-content\/uploads\/2020\/01\/TSC-Logo-2023.png","contentUrl":"https:\/\/thesonschildren.com\/wp-content\/uploads\/2020\/01\/TSC-Logo-2023.png","width":250,"height":170,"caption":"The Son's Children"},"image":{"@id":"https:\/\/thesonschildren.com\/#\/schema\/logo\/image\/"},"sameAs":["https:\/\/www.facebook.com\/TheSonsChildren\/"],"description":"Centro de cuidado infantil basado en la fe Centro cristiano de cuidado infantil Centro de aprendizaje"},{"@type":"Person","@id":"https:\/\/thesonschildren.com\/#\/schema\/person\/f876f737151ecaa5ab99678474c0d80f","name":"Britnee Bradshaw","image":{"@type":"ImageObject","inLanguage":"es","@id":"https:\/\/secure.gravatar.com\/avatar\/077670c1f36fde1125dffa06cd2f902aae06692ed88b172ccfa261eff9adcd26?s=96&d=mm&r=g","url":"https:\/\/secure.gravatar.com\/avatar\/077670c1f36fde1125dffa06cd2f902aae06692ed88b172ccfa261eff9adcd26?s=96&d=mm&r=g","contentUrl":"https:\/\/secure.gravatar.com\/avatar\/077670c1f36fde1125dffa06cd2f902aae06692ed88b172ccfa261eff9adcd26?s=96&d=mm&r=g","caption":"Britnee Bradshaw"},"url":"https:\/\/thesonschildren.com\/es\/author\/britnee-bradshaw\/"}]}},"_links":{"self":[{"href":"https:\/\/thesonschildren.com\/es\/wp-json\/wp\/v2\/posts\/8366","targetHints":{"allow":["GET"]}}],"collection":[{"href":"https:\/\/thesonschildren.com\/es\/wp-json\/wp\/v2\/posts"}],"about":[{"href":"https:\/\/thesonschildren.com\/es\/wp-json\/wp\/v2\/types\/post"}],"author":[{"embeddable":true,"href":"https:\/\/thesonschildren.com\/es\/wp-json\/wp\/v2\/users\/4"}],"replies":[{"embeddable":true,"href":"https:\/\/thesonschildren.com\/es\/wp-json\/wp\/v2\/comments?post=8366"}],"version-history":[{"count":9,"href":"https:\/\/thesonschildren.com\/es\/wp-json\/wp\/v2\/posts\/8366\/revisions"}],"predecessor-version":[{"id":9295,"href":"https:\/\/thesonschildren.com\/es\/wp-json\/wp\/v2\/posts\/8366\/revisions\/9295"}],"wp:featuredmedia":[{"embeddable":true,"href":"https:\/\/thesonschildren.com\/es\/wp-json\/wp\/v2\/media\/8375"}],"wp:attachment":[{"href":"https:\/\/thesonschildren.com\/es\/wp-json\/wp\/v2\/media?parent=8366"}],"wp:term":[{"taxonomy":"category","embeddable":true,"href":"https:\/\/thesonschildren.com\/es\/wp-json\/wp\/v2\/categories?post=8366"},{"taxonomy":"post_tag","embeddable":true,"href":"https:\/\/thesonschildren.com\/es\/wp-json\/wp\/v2\/tags?post=8366"}],"curies":[{"name":"wp","href":"https:\/\/api.w.org\/{rel}","templated":true}]}}