{"id":8242,"date":"2021-08-02T15:33:48","date_gmt":"2021-08-02T15:33:48","guid":{"rendered":"https:\/\/thesonschildren.com\/?p=8242"},"modified":"2021-08-06T15:38:18","modified_gmt":"2021-08-06T15:38:18","slug":"its-not-a-goodbye","status":"publish","type":"post","link":"https:\/\/thesonschildren.com\/es\/2021\/08\/02\/its-not-a-goodbye\/","title":{"rendered":"\u00a1No es un adi\u00f3s!"},"content":{"rendered":"<div data-elementor-type=\"wp-post\" data-elementor-id=\"8242\" class=\"elementor elementor-8242\" data-elementor-post-type=\"post\">\n\t\t\t\t\t\t<section class=\"elementor-section elementor-top-section elementor-element elementor-element-2a27f69 elementor-section-boxed elementor-section-height-default elementor-section-height-default\" data-id=\"2a27f69\" data-element_type=\"section\" data-e-type=\"section\">\n\t\t\t\t\t\t<div class=\"elementor-container elementor-column-gap-default\">\n\t\t\t\t\t<div class=\"elementor-column elementor-col-100 elementor-top-column elementor-element elementor-element-99699c6\" data-id=\"99699c6\" data-element_type=\"column\" data-e-type=\"column\">\n\t\t\t<div class=\"elementor-widget-wrap elementor-element-populated\">\n\t\t\t\t\t\t<div class=\"elementor-element elementor-element-9989c31 elementor-widget elementor-widget-heading\" data-id=\"9989c31\" data-element_type=\"widget\" data-e-type=\"widget\" data-widget_type=\"heading.default\">\n\t\t\t\t<div class=\"elementor-widget-container\">\n\t\t\t\t\t<h2 class=\"elementor-heading-title elementor-size-default\">Casi todos hemos escuchado la frase: \u201c\u00a1No es un adi\u00f3s, sino un hasta luego!\u201d.\u201d<\/h2>\t\t\t\t<\/div>\n\t\t\t\t<\/div>\n\t\t\t\t\t<\/div>\n\t\t<\/div>\n\t\t\t\t\t<\/div>\n\t\t<\/section>\n\t\t\t\t<section class=\"elementor-section elementor-top-section elementor-element elementor-element-d5a67aa elementor-section-boxed elementor-section-height-default elementor-section-height-default\" data-id=\"d5a67aa\" data-element_type=\"section\" data-e-type=\"section\">\n\t\t\t\t\t\t<div class=\"elementor-container elementor-column-gap-default\">\n\t\t\t\t\t<div class=\"elementor-column elementor-col-100 elementor-top-column elementor-element elementor-element-bba0a3c\" data-id=\"bba0a3c\" data-element_type=\"column\" data-e-type=\"column\">\n\t\t\t<div class=\"elementor-widget-wrap elementor-element-populated\">\n\t\t\t\t\t\t<div class=\"elementor-element elementor-element-8edd962 elementor-widget elementor-widget-text-editor\" data-id=\"8edd962\" data-element_type=\"widget\" data-e-type=\"widget\" data-widget_type=\"text-editor.default\">\n\t\t\t\t<div class=\"elementor-widget-container\">\n\t\t\t\t\t\t\t\t\t<p>La gente suele decir esto cuando se va por un tiempo, pero tiene pensado volver a ver a sus amigos y seres queridos.\u00a0<\/p><p>\u00a0<\/p><p>Me encanta esta frase porque deja la puerta abierta a la comunicaci\u00f3n y al amor entre los que se van y los que se quedan.\u00a0<\/p><p>\u00a0<\/p><p>\u00a1Es una despedida amable y un pronto reencuentro, todo en uno!<\/p>\t\t\t\t\t\t\t\t<\/div>\n\t\t\t\t<\/div>\n\t\t\t\t\t<\/div>\n\t\t<\/div>\n\t\t\t\t\t<\/div>\n\t\t<\/section>\n\t\t\t\t<section class=\"elementor-section elementor-top-section elementor-element elementor-element-afb7dcf elementor-section-boxed elementor-section-height-default elementor-section-height-default\" data-id=\"afb7dcf\" data-element_type=\"section\" data-e-type=\"section\">\n\t\t\t\t\t\t<div class=\"elementor-container elementor-column-gap-default\">\n\t\t\t\t\t<div class=\"elementor-column elementor-col-50 elementor-top-column elementor-element elementor-element-f0dab6c\" data-id=\"f0dab6c\" data-element_type=\"column\" data-e-type=\"column\">\n\t\t\t<div class=\"elementor-widget-wrap elementor-element-populated\">\n\t\t\t\t\t\t<div class=\"elementor-element elementor-element-6c0d2f9 elementor-widget elementor-widget-image\" data-id=\"6c0d2f9\" data-element_type=\"widget\" data-e-type=\"widget\" data-widget_type=\"image.default\">\n\t\t\t\t<div class=\"elementor-widget-container\">\n\t\t\t\t\t\t\t\t\t\t\t\t\t\t\t<img fetchpriority=\"high\" decoding=\"async\" width=\"550\" height=\"579\" src=\"https:\/\/thesonschildren.com\/wp-content\/uploads\/2021\/08\/Blog-Not-Goodbye-Charlotte-550w.jpg\" class=\"attachment-large size-large wp-image-8245\" alt=\"\" srcset=\"https:\/\/thesonschildren.com\/wp-content\/uploads\/2021\/08\/Blog-Not-Goodbye-Charlotte-550w.jpg 550w, https:\/\/thesonschildren.com\/wp-content\/uploads\/2021\/08\/Blog-Not-Goodbye-Charlotte-550w-285x300.jpg 285w\" sizes=\"(max-width: 550px) 100vw, 550px\" \/>\t\t\t\t\t\t\t\t\t\t\t\t\t\t\t<\/div>\n\t\t\t\t<\/div>\n\t\t\t\t<div class=\"elementor-element elementor-element-bcec512 elementor-widget elementor-widget-image\" data-id=\"bcec512\" data-element_type=\"widget\" data-e-type=\"widget\" data-widget_type=\"image.default\">\n\t\t\t\t<div class=\"elementor-widget-container\">\n\t\t\t\t\t\t\t\t\t\t\t\t\t\t\t<img decoding=\"async\" width=\"550\" height=\"623\" src=\"https:\/\/thesonschildren.com\/wp-content\/uploads\/2021\/08\/Blog-Not-Goodbye-Estella-550w.jpg\" class=\"attachment-large size-large wp-image-8246\" alt=\"\" srcset=\"https:\/\/thesonschildren.com\/wp-content\/uploads\/2021\/08\/Blog-Not-Goodbye-Estella-550w.jpg 550w, https:\/\/thesonschildren.com\/wp-content\/uploads\/2021\/08\/Blog-Not-Goodbye-Estella-550w-265x300.jpg 265w\" sizes=\"(max-width: 550px) 100vw, 550px\" \/>\t\t\t\t\t\t\t\t\t\t\t\t\t\t\t<\/div>\n\t\t\t\t<\/div>\n\t\t\t\t\t<\/div>\n\t\t<\/div>\n\t\t\t\t<div class=\"elementor-column elementor-col-50 elementor-top-column elementor-element elementor-element-c2b5473\" data-id=\"c2b5473\" data-element_type=\"column\" data-e-type=\"column\">\n\t\t\t<div class=\"elementor-widget-wrap elementor-element-populated\">\n\t\t\t\t\t\t<div class=\"elementor-element elementor-element-f97a77f elementor-widget elementor-widget-text-editor\" data-id=\"f97a77f\" data-element_type=\"widget\" data-e-type=\"widget\" data-widget_type=\"text-editor.default\">\n\t\t\t\t<div class=\"elementor-widget-container\">\n\t\t\t\t\t\t\t\t\t<p>El viernes pasado, dos miembros de nuestro personal de TSC se marcharon para emprender nuevos retos. \u00a1Queremos aprovechar esta ocasi\u00f3n para rendir homenaje a estos empleados y reconocer su arduo trabajo y dedicaci\u00f3n durante el tiempo que han estado con nosotros!\u00a0<\/p><p>\u00a0<\/p><p>\u00a0<\/p><p><strong>Charlotte Dur\u00e1n<\/strong>, a quien muchos, si no todos, en nuestra comunidad han tenido la oportunidad de conocer, ya que era la primera persona en recibir a los hu\u00e9spedes en la recepci\u00f3n, llevaba aproximadamente un a\u00f1o trabajando en nuestro centro.\u00a0<\/p><p>\u00a0<\/p><p>\u00a1Charlotte fue una bendici\u00f3n para nosotros, ya que nos ayud\u00f3 a organizar nuestros sistemas y procesos y fue fundamental para facilitar la comunicaci\u00f3n y el papeleo durante la transici\u00f3n de los nuevos padres y ni\u00f1os, as\u00ed como de los ya existentes!<\/p><p>\u00a0<\/p><p>\u00a1Echaremos de menos el ingenio, el humor, el amor por el Se\u00f1or y la capacidad de Charlotte para hacer las cosas de manera EFICIENTE!<\/p><p>\u00a0<\/p><p>El otro miembro del personal cuyo \u00faltimo d\u00eda tambi\u00e9n fue el viernes pasado es <strong>Estella Enr\u00edquez<\/strong>. La Sra. Estella era una maestra suplente de nuestro centro de aprendizaje, que dedicaba gran parte de su tiempo a nuestros alumnos en edad escolar.\u00a0<\/p><p>\u00a0<\/p><p>Era una persona sensata, firme pero divertida, y madre de uno de nuestros propios alumnos matriculados aqu\u00ed. \u00a1Echaremos de menos su capacidad para dirigir las aulas de edad escolar, as\u00ed como para ayudar en cualquier otro lugar del campus donde se la necesitara!<\/p><p>\u00a0<\/p><p>Estas dos personas eran el coraz\u00f3n y el alma de nuestro centro. Formaban parte de nuestra tribu y, aunque las extra\u00f1aremos mucho, sin duda no es un adi\u00f3s, ya que siempre formar\u00e1n parte de nuestra comunidad...<\/p><p>\u00a0<\/p><p>En cambio, es un \u201c\u00a1Adi\u00f3s, amigos! \u00a1Nos vemos m\u00e1s tarde!\u201d.\u201d<\/p><p>\u00a0<\/p><p>\u00a1\u00danase a nosotros para despedir con cari\u00f1o a estos miembros del personal y ore por bendiciones y favores en sus futuros proyectos!<\/p><p>\u00a0<\/p><p>\u00a1Am\u00e9n!<\/p>\t\t\t\t\t\t\t\t<\/div>\n\t\t\t\t<\/div>\n\t\t\t\t\t<\/div>\n\t\t<\/div>\n\t\t\t\t\t<\/div>\n\t\t<\/section>\n\t\t\t\t<\/div>","protected":false},"excerpt":{"rendered":"<p>Pretty much all of us have heard the saying, \u201cIt\u2019s not a goodbye but a see ya later!\u201d People often say this when they are departing for a time, but plan to see their friends and loved ones again.\u00a0 \u00a0 I love this saying because it leaves the door open for communication and love between&#8230;<\/p>","protected":false},"author":1,"featured_media":8243,"comment_status":"open","ping_status":"open","sticky":false,"template":"","format":"standard","meta":{"footnotes":""},"categories":[20],"tags":[],"class_list":["post-8242","post","type-post","status-publish","format-standard","has-post-thumbnail","hentry","category-teachers"],"yoast_head":"<!-- This site is optimized with the Yoast SEO Premium plugin v27.2 (Yoast SEO v27.2) - https:\/\/yoast.com\/product\/yoast-seo-premium-wordpress\/ -->\n<title>It&#039;s Not a Goodbye! - The Son&#039;s Children<\/title>\n<meta name=\"robots\" content=\"index, follow, max-snippet:-1, max-image-preview:large, max-video-preview:-1\" \/>\n<link rel=\"canonical\" href=\"https:\/\/thesonschildren.com\/es\/2021\/08\/02\/its-not-a-goodbye\/\" \/>\n<meta property=\"og:locale\" content=\"es_MX\" \/>\n<meta property=\"og:type\" content=\"article\" \/>\n<meta property=\"og:title\" content=\"It&#039;s Not a Goodbye!\" \/>\n<meta property=\"og:description\" content=\"Pretty much all of us have heard the saying, \u201cIt\u2019s not a goodbye but a see ya later!\u201d People often say this when they are departing for a time, but plan to see their friends and loved ones again.\u00a0 \u00a0 I love this saying because it leaves the door open for communication and love between...\" \/>\n<meta property=\"og:url\" content=\"https:\/\/thesonschildren.com\/es\/2021\/08\/02\/its-not-a-goodbye\/\" \/>\n<meta property=\"og:site_name\" content=\"The Son&#039;s Children\" \/>\n<meta property=\"article:publisher\" content=\"https:\/\/www.facebook.com\/TheSonsChildren\/\" \/>\n<meta property=\"article:published_time\" content=\"2021-08-02T15:33:48+00:00\" \/>\n<meta property=\"article:modified_time\" content=\"2021-08-06T15:38:18+00:00\" \/>\n<meta property=\"og:image\" content=\"https:\/\/thesonschildren.com\/wp-content\/uploads\/2021\/08\/Blog-Not-Goodbye-1100w.jpg\" \/>\n\t<meta property=\"og:image:width\" content=\"1100\" \/>\n\t<meta property=\"og:image:height\" content=\"731\" \/>\n\t<meta property=\"og:image:type\" content=\"image\/jpeg\" \/>\n<meta name=\"author\" content=\"austinwillard\" \/>\n<meta name=\"twitter:card\" content=\"summary_large_image\" \/>\n<meta name=\"twitter:label1\" content=\"Escrito por\" \/>\n\t<meta name=\"twitter:data1\" content=\"austinwillard\" \/>\n\t<meta name=\"twitter:label2\" content=\"Tiempo de lectura\" \/>\n\t<meta name=\"twitter:data2\" content=\"2 minutos\" \/>\n<script type=\"application\/ld+json\" class=\"yoast-schema-graph\">{\"@context\":\"https:\/\/schema.org\",\"@graph\":[{\"@type\":\"Article\",\"@id\":\"https:\/\/thesonschildren.com\/2021\/08\/02\/its-not-a-goodbye\/#article\",\"isPartOf\":{\"@id\":\"https:\/\/thesonschildren.com\/2021\/08\/02\/its-not-a-goodbye\/\"},\"author\":{\"name\":\"austinwillard\",\"@id\":\"https:\/\/thesonschildren.com\/#\/schema\/person\/373cc05a71f161d018bf759f80f6489b\"},\"headline\":\"It&#8217;s Not a Goodbye!\",\"datePublished\":\"2021-08-02T15:33:48+00:00\",\"dateModified\":\"2021-08-06T15:38:18+00:00\",\"mainEntityOfPage\":{\"@id\":\"https:\/\/thesonschildren.com\/2021\/08\/02\/its-not-a-goodbye\/\"},\"wordCount\":365,\"commentCount\":0,\"publisher\":{\"@id\":\"https:\/\/thesonschildren.com\/#organization\"},\"image\":{\"@id\":\"https:\/\/thesonschildren.com\/2021\/08\/02\/its-not-a-goodbye\/#primaryimage\"},\"thumbnailUrl\":\"https:\/\/thesonschildren.com\/wp-content\/uploads\/2021\/08\/Blog-Not-Goodbye-1100w.jpg\",\"articleSection\":[\"Teachers\"],\"inLanguage\":\"es\",\"potentialAction\":[{\"@type\":\"CommentAction\",\"name\":\"Comment\",\"target\":[\"https:\/\/thesonschildren.com\/2021\/08\/02\/its-not-a-goodbye\/#respond\"]}]},{\"@type\":\"WebPage\",\"@id\":\"https:\/\/thesonschildren.com\/2021\/08\/02\/its-not-a-goodbye\/\",\"url\":\"https:\/\/thesonschildren.com\/2021\/08\/02\/its-not-a-goodbye\/\",\"name\":\"It's Not a Goodbye! - The Son&#039;s Children\",\"isPartOf\":{\"@id\":\"https:\/\/thesonschildren.com\/#website\"},\"primaryImageOfPage\":{\"@id\":\"https:\/\/thesonschildren.com\/2021\/08\/02\/its-not-a-goodbye\/#primaryimage\"},\"image\":{\"@id\":\"https:\/\/thesonschildren.com\/2021\/08\/02\/its-not-a-goodbye\/#primaryimage\"},\"thumbnailUrl\":\"https:\/\/thesonschildren.com\/wp-content\/uploads\/2021\/08\/Blog-Not-Goodbye-1100w.jpg\",\"datePublished\":\"2021-08-02T15:33:48+00:00\",\"dateModified\":\"2021-08-06T15:38:18+00:00\",\"breadcrumb\":{\"@id\":\"https:\/\/thesonschildren.com\/2021\/08\/02\/its-not-a-goodbye\/#breadcrumb\"},\"inLanguage\":\"es\",\"potentialAction\":[{\"@type\":\"ReadAction\",\"target\":[\"https:\/\/thesonschildren.com\/2021\/08\/02\/its-not-a-goodbye\/\"]}]},{\"@type\":\"ImageObject\",\"inLanguage\":\"es\",\"@id\":\"https:\/\/thesonschildren.com\/2021\/08\/02\/its-not-a-goodbye\/#primaryimage\",\"url\":\"https:\/\/thesonschildren.com\/wp-content\/uploads\/2021\/08\/Blog-Not-Goodbye-1100w.jpg\",\"contentUrl\":\"https:\/\/thesonschildren.com\/wp-content\/uploads\/2021\/08\/Blog-Not-Goodbye-1100w.jpg\",\"width\":1100,\"height\":731},{\"@type\":\"BreadcrumbList\",\"@id\":\"https:\/\/thesonschildren.com\/2021\/08\/02\/its-not-a-goodbye\/#breadcrumb\",\"itemListElement\":[{\"@type\":\"ListItem\",\"position\":1,\"name\":\"Home\",\"item\":\"https:\/\/thesonschildren.com\/\"},{\"@type\":\"ListItem\",\"position\":2,\"name\":\"It&#8217;s Not a Goodbye!\"}]},{\"@type\":\"WebSite\",\"@id\":\"https:\/\/thesonschildren.com\/#website\",\"url\":\"https:\/\/thesonschildren.com\/\",\"name\":\"The Son's Children\",\"description\":\"Learning Center - Infant, Preschool &amp; After-School Care\",\"publisher\":{\"@id\":\"https:\/\/thesonschildren.com\/#organization\"},\"potentialAction\":[{\"@type\":\"SearchAction\",\"target\":{\"@type\":\"EntryPoint\",\"urlTemplate\":\"https:\/\/thesonschildren.com\/?s={search_term_string}\"},\"query-input\":{\"@type\":\"PropertyValueSpecification\",\"valueRequired\":true,\"valueName\":\"search_term_string\"}}],\"inLanguage\":\"es\"},{\"@type\":\"Organization\",\"@id\":\"https:\/\/thesonschildren.com\/#organization\",\"name\":\"The Son's Children\",\"alternateName\":\"TSC\",\"url\":\"https:\/\/thesonschildren.com\/\",\"logo\":{\"@type\":\"ImageObject\",\"inLanguage\":\"es\",\"@id\":\"https:\/\/thesonschildren.com\/#\/schema\/logo\/image\/\",\"url\":\"https:\/\/thesonschildren.com\/wp-content\/uploads\/2020\/01\/TSC-Logo-2023.png\",\"contentUrl\":\"https:\/\/thesonschildren.com\/wp-content\/uploads\/2020\/01\/TSC-Logo-2023.png\",\"width\":250,\"height\":170,\"caption\":\"The Son's Children\"},\"image\":{\"@id\":\"https:\/\/thesonschildren.com\/#\/schema\/logo\/image\/\"},\"sameAs\":[\"https:\/\/www.facebook.com\/TheSonsChildren\/\"],\"description\":\"Faith-Based Child Care Center Christian Child Care Center Learning Center\"},{\"@type\":\"Person\",\"@id\":\"https:\/\/thesonschildren.com\/#\/schema\/person\/373cc05a71f161d018bf759f80f6489b\",\"name\":\"austinwillard\",\"image\":{\"@type\":\"ImageObject\",\"inLanguage\":\"es\",\"@id\":\"https:\/\/secure.gravatar.com\/avatar\/cad8505f9cc09c313d6b4c1b0a8f8699d7f03743fa12b8478f8f12bec711d0c6?s=96&d=mm&r=g\",\"url\":\"https:\/\/secure.gravatar.com\/avatar\/cad8505f9cc09c313d6b4c1b0a8f8699d7f03743fa12b8478f8f12bec711d0c6?s=96&d=mm&r=g\",\"contentUrl\":\"https:\/\/secure.gravatar.com\/avatar\/cad8505f9cc09c313d6b4c1b0a8f8699d7f03743fa12b8478f8f12bec711d0c6?s=96&d=mm&r=g\",\"caption\":\"austinwillard\"},\"sameAs\":[\"https:\/\/thesonschildren.com\"],\"url\":\"https:\/\/thesonschildren.com\/es\/author\/austinwillard\/\"}]}<\/script>\n<!-- \/ Yoast SEO Premium plugin. -->","yoast_head_json":{"title":"It's Not a Goodbye! - The Son&#039;s Children","robots":{"index":"index","follow":"follow","max-snippet":"max-snippet:-1","max-image-preview":"max-image-preview:large","max-video-preview":"max-video-preview:-1"},"canonical":"https:\/\/thesonschildren.com\/es\/2021\/08\/02\/its-not-a-goodbye\/","og_locale":"es_MX","og_type":"article","og_title":"It's Not a Goodbye!","og_description":"Pretty much all of us have heard the saying, \u201cIt\u2019s not a goodbye but a see ya later!\u201d People often say this when they are departing for a time, but plan to see their friends and loved ones again.\u00a0 \u00a0 I love this saying because it leaves the door open for communication and love between...","og_url":"https:\/\/thesonschildren.com\/es\/2021\/08\/02\/its-not-a-goodbye\/","og_site_name":"The Son&#039;s Children","article_publisher":"https:\/\/www.facebook.com\/TheSonsChildren\/","article_published_time":"2021-08-02T15:33:48+00:00","article_modified_time":"2021-08-06T15:38:18+00:00","og_image":[{"width":1100,"height":731,"url":"https:\/\/thesonschildren.com\/wp-content\/uploads\/2021\/08\/Blog-Not-Goodbye-1100w.jpg","type":"image\/jpeg"}],"author":"austinwillard","twitter_card":"summary_large_image","twitter_misc":{"Escrito por":"austinwillard","Tiempo de lectura":"2 minutos"},"schema":{"@context":"https:\/\/schema.org","@graph":[{"@type":"Article","@id":"https:\/\/thesonschildren.com\/2021\/08\/02\/its-not-a-goodbye\/#article","isPartOf":{"@id":"https:\/\/thesonschildren.com\/2021\/08\/02\/its-not-a-goodbye\/"},"author":{"name":"austinwillard","@id":"https:\/\/thesonschildren.com\/#\/schema\/person\/373cc05a71f161d018bf759f80f6489b"},"headline":"It&#8217;s Not a Goodbye!","datePublished":"2021-08-02T15:33:48+00:00","dateModified":"2021-08-06T15:38:18+00:00","mainEntityOfPage":{"@id":"https:\/\/thesonschildren.com\/2021\/08\/02\/its-not-a-goodbye\/"},"wordCount":365,"commentCount":0,"publisher":{"@id":"https:\/\/thesonschildren.com\/#organization"},"image":{"@id":"https:\/\/thesonschildren.com\/2021\/08\/02\/its-not-a-goodbye\/#primaryimage"},"thumbnailUrl":"https:\/\/thesonschildren.com\/wp-content\/uploads\/2021\/08\/Blog-Not-Goodbye-1100w.jpg","articleSection":["Teachers"],"inLanguage":"es","potentialAction":[{"@type":"CommentAction","name":"Comment","target":["https:\/\/thesonschildren.com\/2021\/08\/02\/its-not-a-goodbye\/#respond"]}]},{"@type":"WebPage","@id":"https:\/\/thesonschildren.com\/2021\/08\/02\/its-not-a-goodbye\/","url":"https:\/\/thesonschildren.com\/2021\/08\/02\/its-not-a-goodbye\/","name":"It's Not a Goodbye! - The Son&#039;s Children","isPartOf":{"@id":"https:\/\/thesonschildren.com\/#website"},"primaryImageOfPage":{"@id":"https:\/\/thesonschildren.com\/2021\/08\/02\/its-not-a-goodbye\/#primaryimage"},"image":{"@id":"https:\/\/thesonschildren.com\/2021\/08\/02\/its-not-a-goodbye\/#primaryimage"},"thumbnailUrl":"https:\/\/thesonschildren.com\/wp-content\/uploads\/2021\/08\/Blog-Not-Goodbye-1100w.jpg","datePublished":"2021-08-02T15:33:48+00:00","dateModified":"2021-08-06T15:38:18+00:00","breadcrumb":{"@id":"https:\/\/thesonschildren.com\/2021\/08\/02\/its-not-a-goodbye\/#breadcrumb"},"inLanguage":"es","potentialAction":[{"@type":"ReadAction","target":["https:\/\/thesonschildren.com\/2021\/08\/02\/its-not-a-goodbye\/"]}]},{"@type":"ImageObject","inLanguage":"es","@id":"https:\/\/thesonschildren.com\/2021\/08\/02\/its-not-a-goodbye\/#primaryimage","url":"https:\/\/thesonschildren.com\/wp-content\/uploads\/2021\/08\/Blog-Not-Goodbye-1100w.jpg","contentUrl":"https:\/\/thesonschildren.com\/wp-content\/uploads\/2021\/08\/Blog-Not-Goodbye-1100w.jpg","width":1100,"height":731},{"@type":"BreadcrumbList","@id":"https:\/\/thesonschildren.com\/2021\/08\/02\/its-not-a-goodbye\/#breadcrumb","itemListElement":[{"@type":"ListItem","position":1,"name":"Home","item":"https:\/\/thesonschildren.com\/"},{"@type":"ListItem","position":2,"name":"It&#8217;s Not a Goodbye!"}]},{"@type":"WebSite","@id":"https:\/\/thesonschildren.com\/#website","url":"https:\/\/thesonschildren.com\/","name":"Los hijos del Hijo","description":"Centro de aprendizaje: cuidado infantil, preescolar y extraescolar","publisher":{"@id":"https:\/\/thesonschildren.com\/#organization"},"potentialAction":[{"@type":"SearchAction","target":{"@type":"EntryPoint","urlTemplate":"https:\/\/thesonschildren.com\/?s={search_term_string}"},"query-input":{"@type":"PropertyValueSpecification","valueRequired":true,"valueName":"search_term_string"}}],"inLanguage":"es"},{"@type":"Organization","@id":"https:\/\/thesonschildren.com\/#organization","name":"Los hijos del Hijo","alternateName":"TSC","url":"https:\/\/thesonschildren.com\/","logo":{"@type":"ImageObject","inLanguage":"es","@id":"https:\/\/thesonschildren.com\/#\/schema\/logo\/image\/","url":"https:\/\/thesonschildren.com\/wp-content\/uploads\/2020\/01\/TSC-Logo-2023.png","contentUrl":"https:\/\/thesonschildren.com\/wp-content\/uploads\/2020\/01\/TSC-Logo-2023.png","width":250,"height":170,"caption":"The Son's Children"},"image":{"@id":"https:\/\/thesonschildren.com\/#\/schema\/logo\/image\/"},"sameAs":["https:\/\/www.facebook.com\/TheSonsChildren\/"],"description":"Centro de cuidado infantil basado en la fe Centro cristiano de cuidado infantil Centro de aprendizaje"},{"@type":"Person","@id":"https:\/\/thesonschildren.com\/#\/schema\/person\/373cc05a71f161d018bf759f80f6489b","name":"austinwillard","image":{"@type":"ImageObject","inLanguage":"es","@id":"https:\/\/secure.gravatar.com\/avatar\/cad8505f9cc09c313d6b4c1b0a8f8699d7f03743fa12b8478f8f12bec711d0c6?s=96&d=mm&r=g","url":"https:\/\/secure.gravatar.com\/avatar\/cad8505f9cc09c313d6b4c1b0a8f8699d7f03743fa12b8478f8f12bec711d0c6?s=96&d=mm&r=g","contentUrl":"https:\/\/secure.gravatar.com\/avatar\/cad8505f9cc09c313d6b4c1b0a8f8699d7f03743fa12b8478f8f12bec711d0c6?s=96&d=mm&r=g","caption":"austinwillard"},"sameAs":["https:\/\/thesonschildren.com"],"url":"https:\/\/thesonschildren.com\/es\/author\/austinwillard\/"}]}},"_links":{"self":[{"href":"https:\/\/thesonschildren.com\/es\/wp-json\/wp\/v2\/posts\/8242","targetHints":{"allow":["GET"]}}],"collection":[{"href":"https:\/\/thesonschildren.com\/es\/wp-json\/wp\/v2\/posts"}],"about":[{"href":"https:\/\/thesonschildren.com\/es\/wp-json\/wp\/v2\/types\/post"}],"author":[{"embeddable":true,"href":"https:\/\/thesonschildren.com\/es\/wp-json\/wp\/v2\/users\/1"}],"replies":[{"embeddable":true,"href":"https:\/\/thesonschildren.com\/es\/wp-json\/wp\/v2\/comments?post=8242"}],"version-history":[{"count":4,"href":"https:\/\/thesonschildren.com\/es\/wp-json\/wp\/v2\/posts\/8242\/revisions"}],"predecessor-version":[{"id":8249,"href":"https:\/\/thesonschildren.com\/es\/wp-json\/wp\/v2\/posts\/8242\/revisions\/8249"}],"wp:featuredmedia":[{"embeddable":true,"href":"https:\/\/thesonschildren.com\/es\/wp-json\/wp\/v2\/media\/8243"}],"wp:attachment":[{"href":"https:\/\/thesonschildren.com\/es\/wp-json\/wp\/v2\/media?parent=8242"}],"wp:term":[{"taxonomy":"category","embeddable":true,"href":"https:\/\/thesonschildren.com\/es\/wp-json\/wp\/v2\/categories?post=8242"},{"taxonomy":"post_tag","embeddable":true,"href":"https:\/\/thesonschildren.com\/es\/wp-json\/wp\/v2\/tags?post=8242"}],"curies":[{"name":"wp","href":"https:\/\/api.w.org\/{rel}","templated":true}]}}