{"id":7973,"date":"2020-11-27T22:06:35","date_gmt":"2020-11-27T22:06:35","guid":{"rendered":"https:\/\/thesonschildren.com\/?p=7973"},"modified":"2021-02-05T23:01:54","modified_gmt":"2021-02-05T23:01:54","slug":"processing-grief-in-the-classroom","status":"publish","type":"post","link":"https:\/\/thesonschildren.com\/es\/2020\/11\/27\/processing-grief-in-the-classroom\/","title":{"rendered":"Procesando el duelo en el aula"},"content":{"rendered":"<div data-elementor-type=\"wp-post\" data-elementor-id=\"7973\" class=\"elementor elementor-7973\" data-elementor-post-type=\"post\">\n\t\t\t\t\t\t<section class=\"elementor-section elementor-top-section elementor-element elementor-element-e100d3f elementor-section-boxed elementor-section-height-default elementor-section-height-default\" data-id=\"e100d3f\" data-element_type=\"section\" data-e-type=\"section\">\n\t\t\t\t\t\t<div class=\"elementor-container elementor-column-gap-default\">\n\t\t\t\t\t<div class=\"elementor-column elementor-col-50 elementor-top-column elementor-element elementor-element-57f89c6\" data-id=\"57f89c6\" data-element_type=\"column\" data-e-type=\"column\">\n\t\t\t<div class=\"elementor-widget-wrap elementor-element-populated\">\n\t\t\t\t\t\t<div class=\"elementor-element elementor-element-02bd566 elementor-widget elementor-widget-heading\" data-id=\"02bd566\" data-element_type=\"widget\" data-e-type=\"widget\" data-widget_type=\"heading.default\">\n\t\t\t\t<div class=\"elementor-widget-container\">\n\t\t\t\t\t<h2 class=\"elementor-heading-title elementor-size-default\">Como quiz\u00e1 hayan o\u00eddo, recientemente hemos sufrido una gran p\u00e9rdida en nuestro centro.<\/h2>\t\t\t\t<\/div>\n\t\t\t\t<\/div>\n\t\t\t\t<div class=\"elementor-element elementor-element-671066f elementor-widget elementor-widget-text-editor\" data-id=\"671066f\" data-element_type=\"widget\" data-e-type=\"widget\" data-widget_type=\"text-editor.default\">\n\t\t\t\t<div class=\"elementor-widget-container\">\n\t\t\t\t\t\t\t\t\t<p>Un estudiante de 9 a\u00f1os (al que yo y muchos de nuestros maestros tuvimos el honor de ense\u00f1ar) perdi\u00f3 la vida la semana pasada.<\/p><p>Las repercusiones que esto ha tenido en nuestro personal, estudiantes, maestros y familias han sido muy duras.<\/p><p>Dicho esto, el centro y todas las personas relacionadas con \u00e9l se han unido de la manera m\u00e1s entra\u00f1able para apoyar a la familia, tanto econ\u00f3mica como moralmente.<\/p><p>La forma en que nos hemos unido durante la \u00faltima semana y media es un testimonio del amor de Cristo que reposa aqu\u00ed Y de los corazones genuinos de las personas que forman parte de nuestra comunidad.<\/p>\t\t\t\t\t\t\t\t<\/div>\n\t\t\t\t<\/div>\n\t\t\t\t\t<\/div>\n\t\t<\/div>\n\t\t\t\t<div class=\"elementor-column elementor-col-50 elementor-top-column elementor-element elementor-element-89dd452\" data-id=\"89dd452\" data-element_type=\"column\" data-e-type=\"column\">\n\t\t\t<div class=\"elementor-widget-wrap elementor-element-populated\">\n\t\t\t\t\t\t<div class=\"elementor-element elementor-element-75c4055 elementor-widget elementor-widget-image\" data-id=\"75c4055\" data-element_type=\"widget\" data-e-type=\"widget\" data-widget_type=\"image.default\">\n\t\t\t\t<div class=\"elementor-widget-container\">\n\t\t\t\t\t\t\t\t\t\t\t\t\t\t\t<img fetchpriority=\"high\" decoding=\"async\" width=\"600\" height=\"450\" src=\"https:\/\/thesonschildren.com\/wp-content\/uploads\/2020\/11\/Processing-Grief-600w-V2.jpg\" class=\"attachment-large size-large wp-image-7978\" alt=\"\" srcset=\"https:\/\/thesonschildren.com\/wp-content\/uploads\/2020\/11\/Processing-Grief-600w-V2.jpg 600w, https:\/\/thesonschildren.com\/wp-content\/uploads\/2020\/11\/Processing-Grief-600w-V2-300x225.jpg 300w, https:\/\/thesonschildren.com\/wp-content\/uploads\/2020\/11\/Processing-Grief-600w-V2-420x315.jpg 420w, https:\/\/thesonschildren.com\/wp-content\/uploads\/2020\/11\/Processing-Grief-600w-V2-315x236.jpg 315w\" sizes=\"(max-width: 600px) 100vw, 600px\" \/>\t\t\t\t\t\t\t\t\t\t\t\t\t\t\t<\/div>\n\t\t\t\t<\/div>\n\t\t\t\t\t<\/div>\n\t\t<\/div>\n\t\t\t\t\t<\/div>\n\t\t<\/section>\n\t\t\t\t<section class=\"elementor-section elementor-top-section elementor-element elementor-element-16105a4 elementor-section-boxed elementor-section-height-default elementor-section-height-default\" data-id=\"16105a4\" data-element_type=\"section\" data-e-type=\"section\">\n\t\t\t\t\t\t<div class=\"elementor-container elementor-column-gap-default\">\n\t\t\t\t\t<div class=\"elementor-column elementor-col-50 elementor-top-column elementor-element elementor-element-2eb8a87\" data-id=\"2eb8a87\" data-element_type=\"column\" data-e-type=\"column\">\n\t\t\t<div class=\"elementor-widget-wrap elementor-element-populated\">\n\t\t\t\t\t\t<div class=\"elementor-element elementor-element-ba95c1a elementor-widget elementor-widget-image\" data-id=\"ba95c1a\" data-element_type=\"widget\" data-e-type=\"widget\" data-widget_type=\"image.default\">\n\t\t\t\t<div class=\"elementor-widget-container\">\n\t\t\t\t\t\t\t\t\t\t\t\t\t\t\t<img decoding=\"async\" width=\"600\" height=\"600\" src=\"https:\/\/thesonschildren.com\/wp-content\/uploads\/2020\/11\/Mourn-Comforted-600w.jpg\" class=\"attachment-large size-large wp-image-7985\" alt=\"\" srcset=\"https:\/\/thesonschildren.com\/wp-content\/uploads\/2020\/11\/Mourn-Comforted-600w.jpg 600w, https:\/\/thesonschildren.com\/wp-content\/uploads\/2020\/11\/Mourn-Comforted-600w-300x300.jpg 300w, https:\/\/thesonschildren.com\/wp-content\/uploads\/2020\/11\/Mourn-Comforted-600w-150x150.jpg 150w, https:\/\/thesonschildren.com\/wp-content\/uploads\/2020\/11\/Mourn-Comforted-600w-420x420.jpg 420w, https:\/\/thesonschildren.com\/wp-content\/uploads\/2020\/11\/Mourn-Comforted-600w-315x315.jpg 315w\" sizes=\"(max-width: 600px) 100vw, 600px\" \/>\t\t\t\t\t\t\t\t\t\t\t\t\t\t\t<\/div>\n\t\t\t\t<\/div>\n\t\t\t\t\t<\/div>\n\t\t<\/div>\n\t\t\t\t<div class=\"elementor-column elementor-col-50 elementor-top-column elementor-element elementor-element-0a490b1\" data-id=\"0a490b1\" data-element_type=\"column\" data-e-type=\"column\">\n\t\t\t<div class=\"elementor-widget-wrap elementor-element-populated\">\n\t\t\t\t\t\t<div class=\"elementor-element elementor-element-9f9cc13 elementor-widget elementor-widget-text-editor\" data-id=\"9f9cc13\" data-element_type=\"widget\" data-e-type=\"widget\" data-widget_type=\"text-editor.default\">\n\t\t\t\t<div class=\"elementor-widget-container\">\n\t\t\t\t\t\t\t\t\t<p>He descubierto que uno de los mayores retos a la hora de superar esta p\u00e9rdida ha sido seguir viviendo en medio de ella.\u00a0<span style=\"letter-spacing: var(--vamtam-primary-font-letter-spacing-desktop,normal);\">A pesar de la ausencia de los estudiantes, los que estamos aqu\u00ed en Son's Children debemos seguir acudiendo a clase todos los d\u00edas para ayudar a nuestros estudiantes.\u00a0<\/span><span style=\"letter-spacing: var(--vamtam-primary-font-letter-spacing-desktop,normal);\">A pesar de que muchos de nuestros corazones est\u00e1n entristecidos por esta gran p\u00e9rdida, debemos seguir estando activos y presentes para ellos.<\/span><\/p><p>Hay un delicado equilibrio en el duelo que el Esp\u00edritu Santo, nuestro mayor consolador, nos ayuda a manejar.\u00a0<span style=\"letter-spacing: var(--vamtam-primary-font-letter-spacing-desktop,normal);\">No tenemos que apresurarnos en el duelo, ni detenernos y quedarnos estancados en \u00e9l.\u00a0<\/span><span style=\"letter-spacing: var(--vamtam-primary-font-letter-spacing-desktop,normal);\">Podemos vivir y amar a pesar de ello.\u00a0<\/span><\/p><p><span style=\"letter-spacing: var(--vamtam-primary-font-letter-spacing-desktop,normal);\">Es posible vivir en medio de la muerte.\u00a0<\/span>La alegr\u00eda puede contemplarse en medio del dolor.<\/p><p>Somos testigos vivos de estas hermosas verdades y el Evangelio de Cristo es nuestra base para todo ello.<\/p><p>Si est\u00e1s sintiendo tristeza en tu coraz\u00f3n en esta temporada, oro para que los brazos del Padre te abracen y que sientas Su presencia en mayor medida.\u00a0<\/p><p>\u00a0<\/p><p><span style=\"letter-spacing: var(--vamtam-primary-font-letter-spacing-desktop,normal);\">\u201cEl Se\u00f1or est\u00e1 cerca de los quebrantados de coraz\u00f3n y salva a los abatidos de esp\u00edritu\u201d. Salmo 34:18\u00a0<\/span><\/p>\t\t\t\t\t\t\t\t<\/div>\n\t\t\t\t<\/div>\n\t\t\t\t\t<\/div>\n\t\t<\/div>\n\t\t\t\t\t<\/div>\n\t\t<\/section>\n\t\t\t\t<\/div>","protected":false},"excerpt":{"rendered":"<p>As you may have heard, we recently had a great loss at our center. A 9 year old student (whom I and so many of our teachers had the honor of teaching) lost his life last week. The ripple effects this has had on our staff, students, teachers, and families have been hard hitting. With&#8230;<\/p>","protected":false},"author":4,"featured_media":7977,"comment_status":"open","ping_status":"open","sticky":false,"template":"","format":"standard","meta":{"footnotes":""},"categories":[18],"tags":[],"class_list":["post-7973","post","type-post","status-publish","format-standard","has-post-thumbnail","hentry","category-children"],"yoast_head":"<!-- This site is optimized with the Yoast SEO Premium plugin v27.2 (Yoast SEO v27.2) - https:\/\/yoast.com\/product\/yoast-seo-premium-wordpress\/ -->\n<title>Processing GRIEF in the Classroom - The Son&#039;s Children<\/title>\n<meta name=\"robots\" content=\"index, follow, max-snippet:-1, max-image-preview:large, max-video-preview:-1\" \/>\n<link rel=\"canonical\" href=\"https:\/\/thesonschildren.com\/es\/2020\/11\/27\/processing-grief-in-the-classroom\/\" \/>\n<meta property=\"og:locale\" content=\"es_MX\" \/>\n<meta property=\"og:type\" content=\"article\" \/>\n<meta property=\"og:title\" content=\"Processing GRIEF in the Classroom\" \/>\n<meta property=\"og:description\" content=\"As you may have heard, we recently had a great loss at our center. A 9 year old student (whom I and so many of our teachers had the honor of teaching) lost his life last week. The ripple effects this has had on our staff, students, teachers, and families have been hard hitting. With...\" \/>\n<meta property=\"og:url\" content=\"https:\/\/thesonschildren.com\/es\/2020\/11\/27\/processing-grief-in-the-classroom\/\" \/>\n<meta property=\"og:site_name\" content=\"The Son&#039;s Children\" \/>\n<meta property=\"article:publisher\" content=\"https:\/\/www.facebook.com\/TheSonsChildren\/\" \/>\n<meta property=\"article:published_time\" content=\"2020-11-27T22:06:35+00:00\" \/>\n<meta property=\"article:modified_time\" content=\"2021-02-05T23:01:54+00:00\" \/>\n<meta property=\"og:image\" content=\"https:\/\/thesonschildren.com\/wp-content\/uploads\/2020\/11\/Processing-Grief-in-the-Classroom-1200w-V2.jpg\" \/>\n\t<meta property=\"og:image:width\" content=\"1200\" \/>\n\t<meta property=\"og:image:height\" content=\"798\" \/>\n\t<meta property=\"og:image:type\" content=\"image\/jpeg\" \/>\n<meta name=\"author\" content=\"Britnee Bradshaw\" \/>\n<meta name=\"twitter:card\" content=\"summary_large_image\" \/>\n<meta name=\"twitter:label1\" content=\"Escrito por\" \/>\n\t<meta name=\"twitter:data1\" content=\"Britnee Bradshaw\" \/>\n\t<meta name=\"twitter:label2\" content=\"Tiempo de lectura\" \/>\n\t<meta name=\"twitter:data2\" content=\"2 minutos\" \/>\n<script type=\"application\/ld+json\" class=\"yoast-schema-graph\">{\"@context\":\"https:\/\/schema.org\",\"@graph\":[{\"@type\":\"Article\",\"@id\":\"https:\/\/thesonschildren.com\/2020\/11\/27\/processing-grief-in-the-classroom\/#article\",\"isPartOf\":{\"@id\":\"https:\/\/thesonschildren.com\/2020\/11\/27\/processing-grief-in-the-classroom\/\"},\"author\":{\"name\":\"Britnee Bradshaw\",\"@id\":\"https:\/\/thesonschildren.com\/#\/schema\/person\/f876f737151ecaa5ab99678474c0d80f\"},\"headline\":\"Processing GRIEF in the Classroom\",\"datePublished\":\"2020-11-27T22:06:35+00:00\",\"dateModified\":\"2021-02-05T23:01:54+00:00\",\"mainEntityOfPage\":{\"@id\":\"https:\/\/thesonschildren.com\/2020\/11\/27\/processing-grief-in-the-classroom\/\"},\"wordCount\":313,\"commentCount\":0,\"publisher\":{\"@id\":\"https:\/\/thesonschildren.com\/#organization\"},\"image\":{\"@id\":\"https:\/\/thesonschildren.com\/2020\/11\/27\/processing-grief-in-the-classroom\/#primaryimage\"},\"thumbnailUrl\":\"https:\/\/thesonschildren.com\/wp-content\/uploads\/2020\/11\/Processing-Grief-in-the-Classroom-1200w-V2.jpg\",\"articleSection\":[\"Children\"],\"inLanguage\":\"es\",\"potentialAction\":[{\"@type\":\"CommentAction\",\"name\":\"Comment\",\"target\":[\"https:\/\/thesonschildren.com\/2020\/11\/27\/processing-grief-in-the-classroom\/#respond\"]}]},{\"@type\":\"WebPage\",\"@id\":\"https:\/\/thesonschildren.com\/2020\/11\/27\/processing-grief-in-the-classroom\/\",\"url\":\"https:\/\/thesonschildren.com\/2020\/11\/27\/processing-grief-in-the-classroom\/\",\"name\":\"Processing GRIEF in the Classroom - The Son&#039;s Children\",\"isPartOf\":{\"@id\":\"https:\/\/thesonschildren.com\/#website\"},\"primaryImageOfPage\":{\"@id\":\"https:\/\/thesonschildren.com\/2020\/11\/27\/processing-grief-in-the-classroom\/#primaryimage\"},\"image\":{\"@id\":\"https:\/\/thesonschildren.com\/2020\/11\/27\/processing-grief-in-the-classroom\/#primaryimage\"},\"thumbnailUrl\":\"https:\/\/thesonschildren.com\/wp-content\/uploads\/2020\/11\/Processing-Grief-in-the-Classroom-1200w-V2.jpg\",\"datePublished\":\"2020-11-27T22:06:35+00:00\",\"dateModified\":\"2021-02-05T23:01:54+00:00\",\"breadcrumb\":{\"@id\":\"https:\/\/thesonschildren.com\/2020\/11\/27\/processing-grief-in-the-classroom\/#breadcrumb\"},\"inLanguage\":\"es\",\"potentialAction\":[{\"@type\":\"ReadAction\",\"target\":[\"https:\/\/thesonschildren.com\/2020\/11\/27\/processing-grief-in-the-classroom\/\"]}]},{\"@type\":\"ImageObject\",\"inLanguage\":\"es\",\"@id\":\"https:\/\/thesonschildren.com\/2020\/11\/27\/processing-grief-in-the-classroom\/#primaryimage\",\"url\":\"https:\/\/thesonschildren.com\/wp-content\/uploads\/2020\/11\/Processing-Grief-in-the-Classroom-1200w-V2.jpg\",\"contentUrl\":\"https:\/\/thesonschildren.com\/wp-content\/uploads\/2020\/11\/Processing-Grief-in-the-Classroom-1200w-V2.jpg\",\"width\":1200,\"height\":798},{\"@type\":\"BreadcrumbList\",\"@id\":\"https:\/\/thesonschildren.com\/2020\/11\/27\/processing-grief-in-the-classroom\/#breadcrumb\",\"itemListElement\":[{\"@type\":\"ListItem\",\"position\":1,\"name\":\"Home\",\"item\":\"https:\/\/thesonschildren.com\/\"},{\"@type\":\"ListItem\",\"position\":2,\"name\":\"Processing GRIEF in the Classroom\"}]},{\"@type\":\"WebSite\",\"@id\":\"https:\/\/thesonschildren.com\/#website\",\"url\":\"https:\/\/thesonschildren.com\/\",\"name\":\"The Son's Children\",\"description\":\"Learning Center - Infant, Preschool &amp; After-School Care\",\"publisher\":{\"@id\":\"https:\/\/thesonschildren.com\/#organization\"},\"potentialAction\":[{\"@type\":\"SearchAction\",\"target\":{\"@type\":\"EntryPoint\",\"urlTemplate\":\"https:\/\/thesonschildren.com\/?s={search_term_string}\"},\"query-input\":{\"@type\":\"PropertyValueSpecification\",\"valueRequired\":true,\"valueName\":\"search_term_string\"}}],\"inLanguage\":\"es\"},{\"@type\":\"Organization\",\"@id\":\"https:\/\/thesonschildren.com\/#organization\",\"name\":\"The Son's Children\",\"alternateName\":\"TSC\",\"url\":\"https:\/\/thesonschildren.com\/\",\"logo\":{\"@type\":\"ImageObject\",\"inLanguage\":\"es\",\"@id\":\"https:\/\/thesonschildren.com\/#\/schema\/logo\/image\/\",\"url\":\"https:\/\/thesonschildren.com\/wp-content\/uploads\/2020\/01\/TSC-Logo-2023.png\",\"contentUrl\":\"https:\/\/thesonschildren.com\/wp-content\/uploads\/2020\/01\/TSC-Logo-2023.png\",\"width\":250,\"height\":170,\"caption\":\"The Son's Children\"},\"image\":{\"@id\":\"https:\/\/thesonschildren.com\/#\/schema\/logo\/image\/\"},\"sameAs\":[\"https:\/\/www.facebook.com\/TheSonsChildren\/\"],\"description\":\"Faith-Based Child Care Center Christian Child Care Center Learning Center\"},{\"@type\":\"Person\",\"@id\":\"https:\/\/thesonschildren.com\/#\/schema\/person\/f876f737151ecaa5ab99678474c0d80f\",\"name\":\"Britnee Bradshaw\",\"image\":{\"@type\":\"ImageObject\",\"inLanguage\":\"es\",\"@id\":\"https:\/\/secure.gravatar.com\/avatar\/077670c1f36fde1125dffa06cd2f902aae06692ed88b172ccfa261eff9adcd26?s=96&d=mm&r=g\",\"url\":\"https:\/\/secure.gravatar.com\/avatar\/077670c1f36fde1125dffa06cd2f902aae06692ed88b172ccfa261eff9adcd26?s=96&d=mm&r=g\",\"contentUrl\":\"https:\/\/secure.gravatar.com\/avatar\/077670c1f36fde1125dffa06cd2f902aae06692ed88b172ccfa261eff9adcd26?s=96&d=mm&r=g\",\"caption\":\"Britnee Bradshaw\"},\"url\":\"https:\/\/thesonschildren.com\/es\/author\/britnee-bradshaw\/\"}]}<\/script>\n<!-- \/ Yoast SEO Premium plugin. -->","yoast_head_json":{"title":"Processing GRIEF in the Classroom - The Son&#039;s Children","robots":{"index":"index","follow":"follow","max-snippet":"max-snippet:-1","max-image-preview":"max-image-preview:large","max-video-preview":"max-video-preview:-1"},"canonical":"https:\/\/thesonschildren.com\/es\/2020\/11\/27\/processing-grief-in-the-classroom\/","og_locale":"es_MX","og_type":"article","og_title":"Processing GRIEF in the Classroom","og_description":"As you may have heard, we recently had a great loss at our center. A 9 year old student (whom I and so many of our teachers had the honor of teaching) lost his life last week. The ripple effects this has had on our staff, students, teachers, and families have been hard hitting. With...","og_url":"https:\/\/thesonschildren.com\/es\/2020\/11\/27\/processing-grief-in-the-classroom\/","og_site_name":"The Son&#039;s Children","article_publisher":"https:\/\/www.facebook.com\/TheSonsChildren\/","article_published_time":"2020-11-27T22:06:35+00:00","article_modified_time":"2021-02-05T23:01:54+00:00","og_image":[{"width":1200,"height":798,"url":"https:\/\/thesonschildren.com\/wp-content\/uploads\/2020\/11\/Processing-Grief-in-the-Classroom-1200w-V2.jpg","type":"image\/jpeg"}],"author":"Britnee Bradshaw","twitter_card":"summary_large_image","twitter_misc":{"Escrito por":"Britnee Bradshaw","Tiempo de lectura":"2 minutos"},"schema":{"@context":"https:\/\/schema.org","@graph":[{"@type":"Article","@id":"https:\/\/thesonschildren.com\/2020\/11\/27\/processing-grief-in-the-classroom\/#article","isPartOf":{"@id":"https:\/\/thesonschildren.com\/2020\/11\/27\/processing-grief-in-the-classroom\/"},"author":{"name":"Britnee Bradshaw","@id":"https:\/\/thesonschildren.com\/#\/schema\/person\/f876f737151ecaa5ab99678474c0d80f"},"headline":"Processing GRIEF in the Classroom","datePublished":"2020-11-27T22:06:35+00:00","dateModified":"2021-02-05T23:01:54+00:00","mainEntityOfPage":{"@id":"https:\/\/thesonschildren.com\/2020\/11\/27\/processing-grief-in-the-classroom\/"},"wordCount":313,"commentCount":0,"publisher":{"@id":"https:\/\/thesonschildren.com\/#organization"},"image":{"@id":"https:\/\/thesonschildren.com\/2020\/11\/27\/processing-grief-in-the-classroom\/#primaryimage"},"thumbnailUrl":"https:\/\/thesonschildren.com\/wp-content\/uploads\/2020\/11\/Processing-Grief-in-the-Classroom-1200w-V2.jpg","articleSection":["Children"],"inLanguage":"es","potentialAction":[{"@type":"CommentAction","name":"Comment","target":["https:\/\/thesonschildren.com\/2020\/11\/27\/processing-grief-in-the-classroom\/#respond"]}]},{"@type":"WebPage","@id":"https:\/\/thesonschildren.com\/2020\/11\/27\/processing-grief-in-the-classroom\/","url":"https:\/\/thesonschildren.com\/2020\/11\/27\/processing-grief-in-the-classroom\/","name":"Processing GRIEF in the Classroom - The Son&#039;s Children","isPartOf":{"@id":"https:\/\/thesonschildren.com\/#website"},"primaryImageOfPage":{"@id":"https:\/\/thesonschildren.com\/2020\/11\/27\/processing-grief-in-the-classroom\/#primaryimage"},"image":{"@id":"https:\/\/thesonschildren.com\/2020\/11\/27\/processing-grief-in-the-classroom\/#primaryimage"},"thumbnailUrl":"https:\/\/thesonschildren.com\/wp-content\/uploads\/2020\/11\/Processing-Grief-in-the-Classroom-1200w-V2.jpg","datePublished":"2020-11-27T22:06:35+00:00","dateModified":"2021-02-05T23:01:54+00:00","breadcrumb":{"@id":"https:\/\/thesonschildren.com\/2020\/11\/27\/processing-grief-in-the-classroom\/#breadcrumb"},"inLanguage":"es","potentialAction":[{"@type":"ReadAction","target":["https:\/\/thesonschildren.com\/2020\/11\/27\/processing-grief-in-the-classroom\/"]}]},{"@type":"ImageObject","inLanguage":"es","@id":"https:\/\/thesonschildren.com\/2020\/11\/27\/processing-grief-in-the-classroom\/#primaryimage","url":"https:\/\/thesonschildren.com\/wp-content\/uploads\/2020\/11\/Processing-Grief-in-the-Classroom-1200w-V2.jpg","contentUrl":"https:\/\/thesonschildren.com\/wp-content\/uploads\/2020\/11\/Processing-Grief-in-the-Classroom-1200w-V2.jpg","width":1200,"height":798},{"@type":"BreadcrumbList","@id":"https:\/\/thesonschildren.com\/2020\/11\/27\/processing-grief-in-the-classroom\/#breadcrumb","itemListElement":[{"@type":"ListItem","position":1,"name":"Home","item":"https:\/\/thesonschildren.com\/"},{"@type":"ListItem","position":2,"name":"Processing GRIEF in the Classroom"}]},{"@type":"WebSite","@id":"https:\/\/thesonschildren.com\/#website","url":"https:\/\/thesonschildren.com\/","name":"Los hijos del Hijo","description":"Centro de aprendizaje: cuidado infantil, preescolar y extraescolar","publisher":{"@id":"https:\/\/thesonschildren.com\/#organization"},"potentialAction":[{"@type":"SearchAction","target":{"@type":"EntryPoint","urlTemplate":"https:\/\/thesonschildren.com\/?s={search_term_string}"},"query-input":{"@type":"PropertyValueSpecification","valueRequired":true,"valueName":"search_term_string"}}],"inLanguage":"es"},{"@type":"Organization","@id":"https:\/\/thesonschildren.com\/#organization","name":"Los hijos del Hijo","alternateName":"TSC","url":"https:\/\/thesonschildren.com\/","logo":{"@type":"ImageObject","inLanguage":"es","@id":"https:\/\/thesonschildren.com\/#\/schema\/logo\/image\/","url":"https:\/\/thesonschildren.com\/wp-content\/uploads\/2020\/01\/TSC-Logo-2023.png","contentUrl":"https:\/\/thesonschildren.com\/wp-content\/uploads\/2020\/01\/TSC-Logo-2023.png","width":250,"height":170,"caption":"The Son's Children"},"image":{"@id":"https:\/\/thesonschildren.com\/#\/schema\/logo\/image\/"},"sameAs":["https:\/\/www.facebook.com\/TheSonsChildren\/"],"description":"Centro de cuidado infantil basado en la fe Centro cristiano de cuidado infantil Centro de aprendizaje"},{"@type":"Person","@id":"https:\/\/thesonschildren.com\/#\/schema\/person\/f876f737151ecaa5ab99678474c0d80f","name":"Britnee Bradshaw","image":{"@type":"ImageObject","inLanguage":"es","@id":"https:\/\/secure.gravatar.com\/avatar\/077670c1f36fde1125dffa06cd2f902aae06692ed88b172ccfa261eff9adcd26?s=96&d=mm&r=g","url":"https:\/\/secure.gravatar.com\/avatar\/077670c1f36fde1125dffa06cd2f902aae06692ed88b172ccfa261eff9adcd26?s=96&d=mm&r=g","contentUrl":"https:\/\/secure.gravatar.com\/avatar\/077670c1f36fde1125dffa06cd2f902aae06692ed88b172ccfa261eff9adcd26?s=96&d=mm&r=g","caption":"Britnee Bradshaw"},"url":"https:\/\/thesonschildren.com\/es\/author\/britnee-bradshaw\/"}]}},"_links":{"self":[{"href":"https:\/\/thesonschildren.com\/es\/wp-json\/wp\/v2\/posts\/7973","targetHints":{"allow":["GET"]}}],"collection":[{"href":"https:\/\/thesonschildren.com\/es\/wp-json\/wp\/v2\/posts"}],"about":[{"href":"https:\/\/thesonschildren.com\/es\/wp-json\/wp\/v2\/types\/post"}],"author":[{"embeddable":true,"href":"https:\/\/thesonschildren.com\/es\/wp-json\/wp\/v2\/users\/4"}],"replies":[{"embeddable":true,"href":"https:\/\/thesonschildren.com\/es\/wp-json\/wp\/v2\/comments?post=7973"}],"version-history":[{"count":25,"href":"https:\/\/thesonschildren.com\/es\/wp-json\/wp\/v2\/posts\/7973\/revisions"}],"predecessor-version":[{"id":8007,"href":"https:\/\/thesonschildren.com\/es\/wp-json\/wp\/v2\/posts\/7973\/revisions\/8007"}],"wp:featuredmedia":[{"embeddable":true,"href":"https:\/\/thesonschildren.com\/es\/wp-json\/wp\/v2\/media\/7977"}],"wp:attachment":[{"href":"https:\/\/thesonschildren.com\/es\/wp-json\/wp\/v2\/media?parent=7973"}],"wp:term":[{"taxonomy":"category","embeddable":true,"href":"https:\/\/thesonschildren.com\/es\/wp-json\/wp\/v2\/categories?post=7973"},{"taxonomy":"post_tag","embeddable":true,"href":"https:\/\/thesonschildren.com\/es\/wp-json\/wp\/v2\/tags?post=7973"}],"curies":[{"name":"wp","href":"https:\/\/api.w.org\/{rel}","templated":true}]}}