{"id":7243,"date":"2020-08-05T01:01:00","date_gmt":"2020-08-05T01:01:00","guid":{"rendered":"https:\/\/thesonschildren.com\/?p=7243"},"modified":"2020-08-28T01:11:17","modified_gmt":"2020-08-28T01:11:17","slug":"freedom","status":"publish","type":"post","link":"https:\/\/thesonschildren.com\/es\/2020\/08\/05\/freedom\/","title":{"rendered":"Libertad"},"content":{"rendered":"<div data-elementor-type=\"wp-post\" data-elementor-id=\"7243\" class=\"elementor elementor-7243\" data-elementor-post-type=\"post\">\n\t\t\t\t\t\t<section class=\"elementor-section elementor-top-section elementor-element elementor-element-206d834 elementor-section-boxed elementor-section-height-default elementor-section-height-default\" data-id=\"206d834\" data-element_type=\"section\" data-e-type=\"section\">\n\t\t\t\t\t\t<div class=\"elementor-container elementor-column-gap-default\">\n\t\t\t\t\t<div class=\"elementor-column elementor-col-50 elementor-top-column elementor-element elementor-element-2964167\" data-id=\"2964167\" data-element_type=\"column\" data-e-type=\"column\">\n\t\t\t<div class=\"elementor-widget-wrap elementor-element-populated\">\n\t\t\t\t\t\t<div class=\"elementor-element elementor-element-ff55020 elementor-widget elementor-widget-heading\" data-id=\"ff55020\" data-element_type=\"widget\" data-e-type=\"widget\" data-widget_type=\"heading.default\">\n\t\t\t\t<div class=\"elementor-widget-container\">\n\t\t\t\t\t<h1 class=\"elementor-heading-title elementor-size-xxl\">LA LIBERTAD ES UN CONCEPTO MARAVILLOSO<\/h1>\t\t\t\t<\/div>\n\t\t\t\t<\/div>\n\t\t\t\t\t<\/div>\n\t\t<\/div>\n\t\t\t\t<div class=\"elementor-column elementor-col-50 elementor-top-column elementor-element elementor-element-f0baf32\" data-id=\"f0baf32\" data-element_type=\"column\" data-e-type=\"column\">\n\t\t\t<div class=\"elementor-widget-wrap elementor-element-populated\">\n\t\t\t\t\t\t<div class=\"elementor-element elementor-element-1fb8ef2 elementor-widget elementor-widget-text-editor\" data-id=\"1fb8ef2\" data-element_type=\"widget\" data-e-type=\"widget\" data-widget_type=\"text-editor.default\">\n\t\t\t\t<div class=\"elementor-widget-container\">\n\t\t\t\t\t\t\t\t\t<p>Muchos de nosotros no pensamos en las libertades que tenemos hasta que nos las quitan.\u00a0<\/p><p>\u00a0<\/p><p>Un buen ejemplo de lo que quiero decir son las cubrebocas que todos llevamos puestas en este momento. Hemos aceptado cumplir con las solicitudes que nos han hecho los gobiernos de nuestra ciudad y nuestro estado.\u00a0<\/p><p>\u00a0<\/p><p>Sin embargo, definitivamente ha habido cierta resistencia con todo este asunto. Lo he notado en adultos de mi comunidad a quienes no conozco personalmente, e incluso en algunos de los estudiantes de mi clase.<\/p>\t\t\t\t\t\t\t\t<\/div>\n\t\t\t\t<\/div>\n\t\t\t\t\t<\/div>\n\t\t<\/div>\n\t\t\t\t\t<\/div>\n\t\t<\/section>\n\t\t\t\t<section class=\"elementor-section elementor-top-section elementor-element elementor-element-940af69 elementor-section-boxed elementor-section-height-default elementor-section-height-default\" data-id=\"940af69\" data-element_type=\"section\" data-e-type=\"section\">\n\t\t\t\t\t\t<div class=\"elementor-container elementor-column-gap-default\">\n\t\t\t\t\t<div class=\"elementor-column elementor-col-50 elementor-top-column elementor-element elementor-element-651a2d8\" data-id=\"651a2d8\" data-element_type=\"column\" data-e-type=\"column\">\n\t\t\t<div class=\"elementor-widget-wrap elementor-element-populated\">\n\t\t\t\t\t\t<div class=\"elementor-element elementor-element-e2682eb elementor-widget elementor-widget-text-editor\" data-id=\"e2682eb\" data-element_type=\"widget\" data-e-type=\"widget\" data-widget_type=\"text-editor.default\">\n\t\t\t\t<div class=\"elementor-widget-container\">\n\t\t\t\t\t\t\t\t\t<p>\u00a1A muchos ni\u00f1os les molesta tener que usar su cubrebocas!<\/p><p>\u00a0<\/p><p>Las razones que dan tambi\u00e9n son bastante v\u00e1lidas.\u00a0<\/p><p>\u00a0<\/p><p>Son inc\u00f3modos.<\/p><p>\u00a0<\/p><p>Son inc\u00f3modos.<\/p><p>\u00a0<\/p><p>Son restrictivos.<\/p><p>\u00a0<\/p><p>El n\u00famero de veces que yo y otros miembros del personal tenemos que recordar a los estudiantes que se pongan sus cubrebocas: demasiadas para contarlas, jajaja.<\/p><p>\u00a0<\/p><p>En \u00faltima instancia, las mascarillas nos recuerdan a los ni\u00f1os (y a m\u00ed tambi\u00e9n, si soy sincero) que estamos en medio de una pandemia viral y que, en estos momentos, no podemos ir a donde queramos sin ellas.<\/p>\t\t\t\t\t\t\t\t<\/div>\n\t\t\t\t<\/div>\n\t\t\t\t\t<\/div>\n\t\t<\/div>\n\t\t\t\t<div class=\"elementor-column elementor-col-50 elementor-top-column elementor-element elementor-element-8972de9\" data-id=\"8972de9\" data-element_type=\"column\" data-e-type=\"column\">\n\t\t\t<div class=\"elementor-widget-wrap elementor-element-populated\">\n\t\t\t\t\t\t<div class=\"elementor-element elementor-element-f86a691 elementor-widget elementor-widget-image\" data-id=\"f86a691\" data-element_type=\"widget\" data-e-type=\"widget\" data-widget_type=\"image.default\">\n\t\t\t\t<div class=\"elementor-widget-container\">\n\t\t\t\t\t\t\t\t\t\t\t\t\t\t\t<img fetchpriority=\"high\" decoding=\"async\" width=\"600\" height=\"612\" src=\"https:\/\/thesonschildren.com\/wp-content\/uploads\/2020\/08\/Face-Mask-School-Age-600w-V1.jpg\" class=\"attachment-full size-full wp-image-7247\" alt=\"\" srcset=\"https:\/\/thesonschildren.com\/wp-content\/uploads\/2020\/08\/Face-Mask-School-Age-600w-V1.jpg 600w, https:\/\/thesonschildren.com\/wp-content\/uploads\/2020\/08\/Face-Mask-School-Age-600w-V1-294x300.jpg 294w, https:\/\/thesonschildren.com\/wp-content\/uploads\/2020\/08\/Face-Mask-School-Age-600w-V1-420x428.jpg 420w, https:\/\/thesonschildren.com\/wp-content\/uploads\/2020\/08\/Face-Mask-School-Age-600w-V1-315x321.jpg 315w\" sizes=\"(max-width: 600px) 100vw, 600px\" \/>\t\t\t\t\t\t\t\t\t\t\t\t\t\t\t<\/div>\n\t\t\t\t<\/div>\n\t\t\t\t\t<\/div>\n\t\t<\/div>\n\t\t\t\t\t<\/div>\n\t\t<\/section>\n\t\t\t\t<section class=\"elementor-section elementor-top-section elementor-element elementor-element-df66f40 elementor-section-boxed elementor-section-height-default elementor-section-height-default\" data-id=\"df66f40\" data-element_type=\"section\" data-e-type=\"section\">\n\t\t\t\t\t\t<div class=\"elementor-container elementor-column-gap-default\">\n\t\t\t\t\t<div class=\"elementor-column elementor-col-100 elementor-top-column elementor-element elementor-element-03f53ad\" data-id=\"03f53ad\" data-element_type=\"column\" data-e-type=\"column\">\n\t\t\t<div class=\"elementor-widget-wrap elementor-element-populated\">\n\t\t\t\t\t\t<div class=\"elementor-element elementor-element-2410369 elementor-widget elementor-widget-text-editor\" data-id=\"2410369\" data-element_type=\"widget\" data-e-type=\"widget\" data-widget_type=\"text-editor.default\">\n\t\t\t\t<div class=\"elementor-widget-container\">\n\t\t\t\t\t\t\t\t\t<p>Muchos de nosotros no pens\u00e1bamos en nuestra libertad de caminar con el rostro descubierto hasta que ya no se consider\u00f3 peligroso hacerlo.<\/p><p>\u00a0<\/p><p>La libertad es maravillosa porque nos da el espacio para disfrutar de ciertos privilegios. Sin embargo, me gustar\u00eda plantearles algo, especialmente a aquellos de ustedes que no est\u00e1n muy entusiasmados con tener que usar cubrebocas en todos lados.\u00a0<\/p><p>\u00a0<\/p><p>Hay muchas personas que no est\u00e1n de acuerdo con la obligaci\u00f3n de usar cubrebocas. No les gusta que alguien les diga lo que tienen que hacer. Sienten que les est\u00e1n quitando sus libertades.\u00a0<\/p><p>\u00a0<\/p><p>Lo entiendo perfectamente.<\/p><p>\u00a0<\/p><p>Dicho esto, hay un pasaje en la Biblia que dice lo siguiente: \u201cSi es posible, en cuanto dependa de ustedes, vivan en paz con todos\u201d. Romanos 12:18.<\/p>\t\t\t\t\t\t\t\t<\/div>\n\t\t\t\t<\/div>\n\t\t\t\t\t<\/div>\n\t\t<\/div>\n\t\t\t\t\t<\/div>\n\t\t<\/section>\n\t\t\t\t<section class=\"elementor-section elementor-top-section elementor-element elementor-element-65d1977 elementor-section-boxed elementor-section-height-default elementor-section-height-default\" data-id=\"65d1977\" data-element_type=\"section\" data-e-type=\"section\">\n\t\t\t\t\t\t<div class=\"elementor-container elementor-column-gap-default\">\n\t\t\t\t\t<div class=\"elementor-column elementor-col-100 elementor-top-column elementor-element elementor-element-5a6743e\" data-id=\"5a6743e\" data-element_type=\"column\" data-e-type=\"column\">\n\t\t\t<div class=\"elementor-widget-wrap elementor-element-populated\">\n\t\t\t\t\t\t<div class=\"elementor-element elementor-element-be91333 elementor-widget elementor-widget-image\" data-id=\"be91333\" data-element_type=\"widget\" data-e-type=\"widget\" data-widget_type=\"image.default\">\n\t\t\t\t<div class=\"elementor-widget-container\">\n\t\t\t\t\t\t\t\t\t\t\t\t\t\t\t<img decoding=\"async\" width=\"1200\" height=\"450\" src=\"https:\/\/thesonschildren.com\/wp-content\/uploads\/2020\/08\/Freedom-Worship-God-1200w-V1-1.jpg\" class=\"attachment-full size-full wp-image-7248\" alt=\"\" srcset=\"https:\/\/thesonschildren.com\/wp-content\/uploads\/2020\/08\/Freedom-Worship-God-1200w-V1-1.jpg 1200w, https:\/\/thesonschildren.com\/wp-content\/uploads\/2020\/08\/Freedom-Worship-God-1200w-V1-1-300x113.jpg 300w, https:\/\/thesonschildren.com\/wp-content\/uploads\/2020\/08\/Freedom-Worship-God-1200w-V1-1-1024x384.jpg 1024w, https:\/\/thesonschildren.com\/wp-content\/uploads\/2020\/08\/Freedom-Worship-God-1200w-V1-1-768x288.jpg 768w, https:\/\/thesonschildren.com\/wp-content\/uploads\/2020\/08\/Freedom-Worship-God-1200w-V1-1-630x236.jpg 630w, https:\/\/thesonschildren.com\/wp-content\/uploads\/2020\/08\/Freedom-Worship-God-1200w-V1-1-420x158.jpg 420w, https:\/\/thesonschildren.com\/wp-content\/uploads\/2020\/08\/Freedom-Worship-God-1200w-V1-1-840x315.jpg 840w, https:\/\/thesonschildren.com\/wp-content\/uploads\/2020\/08\/Freedom-Worship-God-1200w-V1-1-315x118.jpg 315w\" sizes=\"(max-width: 1200px) 100vw, 1200px\" \/>\t\t\t\t\t\t\t\t\t\t\t\t\t\t\t<\/div>\n\t\t\t\t<\/div>\n\t\t\t\t\t<\/div>\n\t\t<\/div>\n\t\t\t\t\t<\/div>\n\t\t<\/section>\n\t\t\t\t<section class=\"elementor-section elementor-top-section elementor-element elementor-element-412846f elementor-section-boxed elementor-section-height-default elementor-section-height-default\" data-id=\"412846f\" data-element_type=\"section\" data-e-type=\"section\">\n\t\t\t\t\t\t<div class=\"elementor-container elementor-column-gap-default\">\n\t\t\t\t\t<div class=\"elementor-column elementor-col-100 elementor-top-column elementor-element elementor-element-7dbd27f\" data-id=\"7dbd27f\" data-element_type=\"column\" data-e-type=\"column\">\n\t\t\t<div class=\"elementor-widget-wrap elementor-element-populated\">\n\t\t\t\t\t\t<div class=\"elementor-element elementor-element-c11371c elementor-widget elementor-widget-text-editor\" data-id=\"c11371c\" data-element_type=\"widget\" data-e-type=\"widget\" data-widget_type=\"text-editor.default\">\n\t\t\t\t<div class=\"elementor-widget-container\">\n\t\t\t\t\t\t\t\t\t<p>Aunque nuestras mascarillas no son las m\u00e1s atractivas ni divertidas de llevar, proporcionan una medida de seguridad y tranquilidad a nuestras comunidades durante este periodo.<\/p><p>\u00a0<\/p><p>\u00a1Y lo que es m\u00e1s, no estamos pecando ni perjudicando a nadie en el proceso!<\/p><p>\u00a0<\/p><p>La paz siempre es algo por lo que vale la pena luchar, especialmente cuando nos rodea el caos y la incertidumbre.\u00a0<\/p><p>\u00a0<\/p><p>En nombre del Centro de Aprendizaje, rezo para que est\u00e9n tomando todas las precauciones necesarias para mantenerse a salvo a ustedes mismos y a sus seres queridos. \u00a1Tambi\u00e9n rezo para que busquen vivir en paz con los dem\u00e1s en la medida en que dependa de ustedes!<\/p><p>\u00a0<\/p><p>\u00a1Bendiciones en abundancia!<\/p><p>Britnee Bradshaw<\/p>\t\t\t\t\t\t\t\t<\/div>\n\t\t\t\t<\/div>\n\t\t\t\t\t<\/div>\n\t\t<\/div>\n\t\t\t\t\t<\/div>\n\t\t<\/section>\n\t\t\t\t<\/div>","protected":false},"excerpt":{"rendered":"<p>FREEDOM IS A WONDERFUL CONCEPT For many of us, we don\u2019t think about the liberties we have until those very liberties are taken away.\u00a0 \u00a0 A good example of what I mean are the face masks we\u2019re all wearing right now.\u00a0We\u2019ve agreed to adhere to the requests made to us by our city and county&#8230;<\/p>","protected":false},"author":4,"featured_media":7246,"comment_status":"open","ping_status":"open","sticky":false,"template":"","format":"standard","meta":{"footnotes":""},"categories":[17],"tags":[],"class_list":["post-7243","post","type-post","status-publish","format-standard","has-post-thumbnail","hentry","category-community"],"yoast_head":"<!-- This site is optimized with the Yoast SEO Premium plugin v27.2 (Yoast SEO v27.2) - https:\/\/yoast.com\/product\/yoast-seo-premium-wordpress\/ -->\n<title>Freedom - The Son&#039;s Children<\/title>\n<meta name=\"robots\" content=\"index, follow, max-snippet:-1, max-image-preview:large, max-video-preview:-1\" \/>\n<link rel=\"canonical\" href=\"https:\/\/thesonschildren.com\/es\/2020\/08\/05\/freedom\/\" \/>\n<meta property=\"og:locale\" content=\"es_MX\" \/>\n<meta property=\"og:type\" content=\"article\" \/>\n<meta property=\"og:title\" content=\"Freedom\" \/>\n<meta property=\"og:description\" content=\"FREEDOM IS A WONDERFUL CONCEPT For many of us, we don\u2019t think about the liberties we have until those very liberties are taken away.\u00a0 \u00a0 A good example of what I mean are the face masks we\u2019re all wearing right now.\u00a0We\u2019ve agreed to adhere to the requests made to us by our city and county...\" \/>\n<meta property=\"og:url\" content=\"https:\/\/thesonschildren.com\/es\/2020\/08\/05\/freedom\/\" \/>\n<meta property=\"og:site_name\" content=\"The Son&#039;s Children\" \/>\n<meta property=\"article:publisher\" content=\"https:\/\/www.facebook.com\/TheSonsChildren\/\" \/>\n<meta property=\"article:published_time\" content=\"2020-08-05T01:01:00+00:00\" \/>\n<meta property=\"article:modified_time\" content=\"2020-08-28T01:11:17+00:00\" \/>\n<meta property=\"og:image\" content=\"https:\/\/thesonschildren.com\/wp-content\/uploads\/2020\/08\/Freedom-1200w-V1.jpg\" \/>\n\t<meta property=\"og:image:width\" content=\"1200\" \/>\n\t<meta property=\"og:image:height\" content=\"800\" \/>\n\t<meta property=\"og:image:type\" content=\"image\/jpeg\" \/>\n<meta name=\"author\" content=\"Britnee Bradshaw\" \/>\n<meta name=\"twitter:card\" content=\"summary_large_image\" \/>\n<meta name=\"twitter:label1\" content=\"Escrito por\" \/>\n\t<meta name=\"twitter:data1\" content=\"Britnee Bradshaw\" \/>\n\t<meta name=\"twitter:label2\" content=\"Tiempo de lectura\" \/>\n\t<meta name=\"twitter:data2\" content=\"2 minutos\" \/>\n<script type=\"application\/ld+json\" class=\"yoast-schema-graph\">{\"@context\":\"https:\/\/schema.org\",\"@graph\":[{\"@type\":\"Article\",\"@id\":\"https:\/\/thesonschildren.com\/2020\/08\/05\/freedom\/#article\",\"isPartOf\":{\"@id\":\"https:\/\/thesonschildren.com\/2020\/08\/05\/freedom\/\"},\"author\":{\"name\":\"Britnee Bradshaw\",\"@id\":\"https:\/\/thesonschildren.com\/#\/schema\/person\/f876f737151ecaa5ab99678474c0d80f\"},\"headline\":\"Freedom\",\"datePublished\":\"2020-08-05T01:01:00+00:00\",\"dateModified\":\"2020-08-28T01:11:17+00:00\",\"mainEntityOfPage\":{\"@id\":\"https:\/\/thesonschildren.com\/2020\/08\/05\/freedom\/\"},\"wordCount\":435,\"commentCount\":0,\"publisher\":{\"@id\":\"https:\/\/thesonschildren.com\/#organization\"},\"image\":{\"@id\":\"https:\/\/thesonschildren.com\/2020\/08\/05\/freedom\/#primaryimage\"},\"thumbnailUrl\":\"https:\/\/thesonschildren.com\/wp-content\/uploads\/2020\/08\/Freedom-1200w-V1.jpg\",\"articleSection\":[\"Community\"],\"inLanguage\":\"es\",\"potentialAction\":[{\"@type\":\"CommentAction\",\"name\":\"Comment\",\"target\":[\"https:\/\/thesonschildren.com\/2020\/08\/05\/freedom\/#respond\"]}]},{\"@type\":\"WebPage\",\"@id\":\"https:\/\/thesonschildren.com\/2020\/08\/05\/freedom\/\",\"url\":\"https:\/\/thesonschildren.com\/2020\/08\/05\/freedom\/\",\"name\":\"Freedom - The Son&#039;s Children\",\"isPartOf\":{\"@id\":\"https:\/\/thesonschildren.com\/#website\"},\"primaryImageOfPage\":{\"@id\":\"https:\/\/thesonschildren.com\/2020\/08\/05\/freedom\/#primaryimage\"},\"image\":{\"@id\":\"https:\/\/thesonschildren.com\/2020\/08\/05\/freedom\/#primaryimage\"},\"thumbnailUrl\":\"https:\/\/thesonschildren.com\/wp-content\/uploads\/2020\/08\/Freedom-1200w-V1.jpg\",\"datePublished\":\"2020-08-05T01:01:00+00:00\",\"dateModified\":\"2020-08-28T01:11:17+00:00\",\"breadcrumb\":{\"@id\":\"https:\/\/thesonschildren.com\/2020\/08\/05\/freedom\/#breadcrumb\"},\"inLanguage\":\"es\",\"potentialAction\":[{\"@type\":\"ReadAction\",\"target\":[\"https:\/\/thesonschildren.com\/2020\/08\/05\/freedom\/\"]}]},{\"@type\":\"ImageObject\",\"inLanguage\":\"es\",\"@id\":\"https:\/\/thesonschildren.com\/2020\/08\/05\/freedom\/#primaryimage\",\"url\":\"https:\/\/thesonschildren.com\/wp-content\/uploads\/2020\/08\/Freedom-1200w-V1.jpg\",\"contentUrl\":\"https:\/\/thesonschildren.com\/wp-content\/uploads\/2020\/08\/Freedom-1200w-V1.jpg\",\"width\":1200,\"height\":800},{\"@type\":\"BreadcrumbList\",\"@id\":\"https:\/\/thesonschildren.com\/2020\/08\/05\/freedom\/#breadcrumb\",\"itemListElement\":[{\"@type\":\"ListItem\",\"position\":1,\"name\":\"Home\",\"item\":\"https:\/\/thesonschildren.com\/\"},{\"@type\":\"ListItem\",\"position\":2,\"name\":\"Freedom\"}]},{\"@type\":\"WebSite\",\"@id\":\"https:\/\/thesonschildren.com\/#website\",\"url\":\"https:\/\/thesonschildren.com\/\",\"name\":\"The Son's Children\",\"description\":\"Learning Center - Infant, Preschool &amp; After-School Care\",\"publisher\":{\"@id\":\"https:\/\/thesonschildren.com\/#organization\"},\"potentialAction\":[{\"@type\":\"SearchAction\",\"target\":{\"@type\":\"EntryPoint\",\"urlTemplate\":\"https:\/\/thesonschildren.com\/?s={search_term_string}\"},\"query-input\":{\"@type\":\"PropertyValueSpecification\",\"valueRequired\":true,\"valueName\":\"search_term_string\"}}],\"inLanguage\":\"es\"},{\"@type\":\"Organization\",\"@id\":\"https:\/\/thesonschildren.com\/#organization\",\"name\":\"The Son's Children\",\"alternateName\":\"TSC\",\"url\":\"https:\/\/thesonschildren.com\/\",\"logo\":{\"@type\":\"ImageObject\",\"inLanguage\":\"es\",\"@id\":\"https:\/\/thesonschildren.com\/#\/schema\/logo\/image\/\",\"url\":\"https:\/\/thesonschildren.com\/wp-content\/uploads\/2020\/01\/TSC-Logo-2023.png\",\"contentUrl\":\"https:\/\/thesonschildren.com\/wp-content\/uploads\/2020\/01\/TSC-Logo-2023.png\",\"width\":250,\"height\":170,\"caption\":\"The Son's Children\"},\"image\":{\"@id\":\"https:\/\/thesonschildren.com\/#\/schema\/logo\/image\/\"},\"sameAs\":[\"https:\/\/www.facebook.com\/TheSonsChildren\/\"],\"description\":\"Faith-Based Child Care Center Christian Child Care Center Learning Center\"},{\"@type\":\"Person\",\"@id\":\"https:\/\/thesonschildren.com\/#\/schema\/person\/f876f737151ecaa5ab99678474c0d80f\",\"name\":\"Britnee Bradshaw\",\"image\":{\"@type\":\"ImageObject\",\"inLanguage\":\"es\",\"@id\":\"https:\/\/secure.gravatar.com\/avatar\/077670c1f36fde1125dffa06cd2f902aae06692ed88b172ccfa261eff9adcd26?s=96&d=mm&r=g\",\"url\":\"https:\/\/secure.gravatar.com\/avatar\/077670c1f36fde1125dffa06cd2f902aae06692ed88b172ccfa261eff9adcd26?s=96&d=mm&r=g\",\"contentUrl\":\"https:\/\/secure.gravatar.com\/avatar\/077670c1f36fde1125dffa06cd2f902aae06692ed88b172ccfa261eff9adcd26?s=96&d=mm&r=g\",\"caption\":\"Britnee Bradshaw\"},\"url\":\"https:\/\/thesonschildren.com\/es\/author\/britnee-bradshaw\/\"}]}<\/script>\n<!-- \/ Yoast SEO Premium plugin. -->","yoast_head_json":{"title":"Freedom - The Son&#039;s Children","robots":{"index":"index","follow":"follow","max-snippet":"max-snippet:-1","max-image-preview":"max-image-preview:large","max-video-preview":"max-video-preview:-1"},"canonical":"https:\/\/thesonschildren.com\/es\/2020\/08\/05\/freedom\/","og_locale":"es_MX","og_type":"article","og_title":"Freedom","og_description":"FREEDOM IS A WONDERFUL CONCEPT For many of us, we don\u2019t think about the liberties we have until those very liberties are taken away.\u00a0 \u00a0 A good example of what I mean are the face masks we\u2019re all wearing right now.\u00a0We\u2019ve agreed to adhere to the requests made to us by our city and county...","og_url":"https:\/\/thesonschildren.com\/es\/2020\/08\/05\/freedom\/","og_site_name":"The Son&#039;s Children","article_publisher":"https:\/\/www.facebook.com\/TheSonsChildren\/","article_published_time":"2020-08-05T01:01:00+00:00","article_modified_time":"2020-08-28T01:11:17+00:00","og_image":[{"width":1200,"height":800,"url":"https:\/\/thesonschildren.com\/wp-content\/uploads\/2020\/08\/Freedom-1200w-V1.jpg","type":"image\/jpeg"}],"author":"Britnee Bradshaw","twitter_card":"summary_large_image","twitter_misc":{"Escrito por":"Britnee Bradshaw","Tiempo de lectura":"2 minutos"},"schema":{"@context":"https:\/\/schema.org","@graph":[{"@type":"Article","@id":"https:\/\/thesonschildren.com\/2020\/08\/05\/freedom\/#article","isPartOf":{"@id":"https:\/\/thesonschildren.com\/2020\/08\/05\/freedom\/"},"author":{"name":"Britnee Bradshaw","@id":"https:\/\/thesonschildren.com\/#\/schema\/person\/f876f737151ecaa5ab99678474c0d80f"},"headline":"Freedom","datePublished":"2020-08-05T01:01:00+00:00","dateModified":"2020-08-28T01:11:17+00:00","mainEntityOfPage":{"@id":"https:\/\/thesonschildren.com\/2020\/08\/05\/freedom\/"},"wordCount":435,"commentCount":0,"publisher":{"@id":"https:\/\/thesonschildren.com\/#organization"},"image":{"@id":"https:\/\/thesonschildren.com\/2020\/08\/05\/freedom\/#primaryimage"},"thumbnailUrl":"https:\/\/thesonschildren.com\/wp-content\/uploads\/2020\/08\/Freedom-1200w-V1.jpg","articleSection":["Community"],"inLanguage":"es","potentialAction":[{"@type":"CommentAction","name":"Comment","target":["https:\/\/thesonschildren.com\/2020\/08\/05\/freedom\/#respond"]}]},{"@type":"WebPage","@id":"https:\/\/thesonschildren.com\/2020\/08\/05\/freedom\/","url":"https:\/\/thesonschildren.com\/2020\/08\/05\/freedom\/","name":"Freedom - The Son&#039;s Children","isPartOf":{"@id":"https:\/\/thesonschildren.com\/#website"},"primaryImageOfPage":{"@id":"https:\/\/thesonschildren.com\/2020\/08\/05\/freedom\/#primaryimage"},"image":{"@id":"https:\/\/thesonschildren.com\/2020\/08\/05\/freedom\/#primaryimage"},"thumbnailUrl":"https:\/\/thesonschildren.com\/wp-content\/uploads\/2020\/08\/Freedom-1200w-V1.jpg","datePublished":"2020-08-05T01:01:00+00:00","dateModified":"2020-08-28T01:11:17+00:00","breadcrumb":{"@id":"https:\/\/thesonschildren.com\/2020\/08\/05\/freedom\/#breadcrumb"},"inLanguage":"es","potentialAction":[{"@type":"ReadAction","target":["https:\/\/thesonschildren.com\/2020\/08\/05\/freedom\/"]}]},{"@type":"ImageObject","inLanguage":"es","@id":"https:\/\/thesonschildren.com\/2020\/08\/05\/freedom\/#primaryimage","url":"https:\/\/thesonschildren.com\/wp-content\/uploads\/2020\/08\/Freedom-1200w-V1.jpg","contentUrl":"https:\/\/thesonschildren.com\/wp-content\/uploads\/2020\/08\/Freedom-1200w-V1.jpg","width":1200,"height":800},{"@type":"BreadcrumbList","@id":"https:\/\/thesonschildren.com\/2020\/08\/05\/freedom\/#breadcrumb","itemListElement":[{"@type":"ListItem","position":1,"name":"Home","item":"https:\/\/thesonschildren.com\/"},{"@type":"ListItem","position":2,"name":"Freedom"}]},{"@type":"WebSite","@id":"https:\/\/thesonschildren.com\/#website","url":"https:\/\/thesonschildren.com\/","name":"Los hijos del Hijo","description":"Centro de aprendizaje: cuidado infantil, preescolar y extraescolar","publisher":{"@id":"https:\/\/thesonschildren.com\/#organization"},"potentialAction":[{"@type":"SearchAction","target":{"@type":"EntryPoint","urlTemplate":"https:\/\/thesonschildren.com\/?s={search_term_string}"},"query-input":{"@type":"PropertyValueSpecification","valueRequired":true,"valueName":"search_term_string"}}],"inLanguage":"es"},{"@type":"Organization","@id":"https:\/\/thesonschildren.com\/#organization","name":"Los hijos del Hijo","alternateName":"TSC","url":"https:\/\/thesonschildren.com\/","logo":{"@type":"ImageObject","inLanguage":"es","@id":"https:\/\/thesonschildren.com\/#\/schema\/logo\/image\/","url":"https:\/\/thesonschildren.com\/wp-content\/uploads\/2020\/01\/TSC-Logo-2023.png","contentUrl":"https:\/\/thesonschildren.com\/wp-content\/uploads\/2020\/01\/TSC-Logo-2023.png","width":250,"height":170,"caption":"The Son's Children"},"image":{"@id":"https:\/\/thesonschildren.com\/#\/schema\/logo\/image\/"},"sameAs":["https:\/\/www.facebook.com\/TheSonsChildren\/"],"description":"Centro de cuidado infantil basado en la fe Centro cristiano de cuidado infantil Centro de aprendizaje"},{"@type":"Person","@id":"https:\/\/thesonschildren.com\/#\/schema\/person\/f876f737151ecaa5ab99678474c0d80f","name":"Britnee Bradshaw","image":{"@type":"ImageObject","inLanguage":"es","@id":"https:\/\/secure.gravatar.com\/avatar\/077670c1f36fde1125dffa06cd2f902aae06692ed88b172ccfa261eff9adcd26?s=96&d=mm&r=g","url":"https:\/\/secure.gravatar.com\/avatar\/077670c1f36fde1125dffa06cd2f902aae06692ed88b172ccfa261eff9adcd26?s=96&d=mm&r=g","contentUrl":"https:\/\/secure.gravatar.com\/avatar\/077670c1f36fde1125dffa06cd2f902aae06692ed88b172ccfa261eff9adcd26?s=96&d=mm&r=g","caption":"Britnee Bradshaw"},"url":"https:\/\/thesonschildren.com\/es\/author\/britnee-bradshaw\/"}]}},"_links":{"self":[{"href":"https:\/\/thesonschildren.com\/es\/wp-json\/wp\/v2\/posts\/7243","targetHints":{"allow":["GET"]}}],"collection":[{"href":"https:\/\/thesonschildren.com\/es\/wp-json\/wp\/v2\/posts"}],"about":[{"href":"https:\/\/thesonschildren.com\/es\/wp-json\/wp\/v2\/types\/post"}],"author":[{"embeddable":true,"href":"https:\/\/thesonschildren.com\/es\/wp-json\/wp\/v2\/users\/4"}],"replies":[{"embeddable":true,"href":"https:\/\/thesonschildren.com\/es\/wp-json\/wp\/v2\/comments?post=7243"}],"version-history":[{"count":2,"href":"https:\/\/thesonschildren.com\/es\/wp-json\/wp\/v2\/posts\/7243\/revisions"}],"predecessor-version":[{"id":7249,"href":"https:\/\/thesonschildren.com\/es\/wp-json\/wp\/v2\/posts\/7243\/revisions\/7249"}],"wp:featuredmedia":[{"embeddable":true,"href":"https:\/\/thesonschildren.com\/es\/wp-json\/wp\/v2\/media\/7246"}],"wp:attachment":[{"href":"https:\/\/thesonschildren.com\/es\/wp-json\/wp\/v2\/media?parent=7243"}],"wp:term":[{"taxonomy":"category","embeddable":true,"href":"https:\/\/thesonschildren.com\/es\/wp-json\/wp\/v2\/categories?post=7243"},{"taxonomy":"post_tag","embeddable":true,"href":"https:\/\/thesonschildren.com\/es\/wp-json\/wp\/v2\/tags?post=7243"}],"curies":[{"name":"wp","href":"https:\/\/api.w.org\/{rel}","templated":true}]}}