{"id":7230,"date":"2020-07-16T23:38:00","date_gmt":"2020-07-16T23:38:00","guid":{"rendered":"https:\/\/thesonschildren.com\/?p=7230"},"modified":"2020-08-28T00:39:02","modified_gmt":"2020-08-28T00:39:02","slug":"justice","status":"publish","type":"post","link":"https:\/\/thesonschildren.com\/es\/2020\/07\/16\/justice\/","title":{"rendered":"Justicia"},"content":{"rendered":"<div data-elementor-type=\"wp-post\" data-elementor-id=\"7230\" class=\"elementor elementor-7230\" data-elementor-post-type=\"post\">\n\t\t\t\t\t\t<section class=\"elementor-section elementor-top-section elementor-element elementor-element-0896e5e elementor-section-boxed elementor-section-height-default elementor-section-height-default\" data-id=\"0896e5e\" data-element_type=\"section\" data-e-type=\"section\">\n\t\t\t\t\t\t<div class=\"elementor-container elementor-column-gap-default\">\n\t\t\t\t\t<div class=\"elementor-column elementor-col-50 elementor-top-column elementor-element elementor-element-cf521a5\" data-id=\"cf521a5\" data-element_type=\"column\" data-e-type=\"column\">\n\t\t\t<div class=\"elementor-widget-wrap elementor-element-populated\">\n\t\t\t\t\t\t<div class=\"elementor-element elementor-element-54da227 elementor-widget elementor-widget-text-editor\" data-id=\"54da227\" data-element_type=\"widget\" data-e-type=\"widget\" data-widget_type=\"text-editor.default\">\n\t\t\t\t<div class=\"elementor-widget-container\">\n\t\t\t\t\t\t\t\t\t<p><span style=\"font-weight: 400;\">\u201cSus nombres ser\u00e1n: Consejero asombroso, Dios poderoso, Padre eterno, Pr\u00edncipe de la paz. Su autoridad gobernante crecer\u00e1, y no habr\u00e1 l\u00edmites para la paz que traer\u00e1\u201d. Isa\u00edas 9:7 de La Biblia del Mensaje.<\/span><\/p><p>\u00a0<\/p><p><span style=\"font-weight: 400;\">Sent\u00ed que mi coraz\u00f3n lloraba cuando vi el video de George Floyd inmovilizado en el suelo por la polic\u00eda mientras dec\u00eda: \u201cNo puedo respirar\u201d.\u201d<\/span><\/p><p>\u00a0<\/p><p><span style=\"font-weight: 400;\">Si no sabes qui\u00e9n es George Floyd, una simple b\u00fasqueda en Google te mostrar\u00e1 el incidente. Este hombre muri\u00f3 como consecuencia de las lesiones que sufri\u00f3 durante ese v\u00eddeo, lo que caus\u00f3 conmoci\u00f3n en todo el pa\u00eds.\u00a0<\/span><\/p><p>\u00a0<\/p><p><span style=\"font-weight: 400;\">No es la primera vez que pasa algo as\u00ed, pero esta vez hubo algo diferente. Despert\u00f3 en m\u00ed muchos sentimientos que no pod\u00eda dejar de lado.\u00a0<\/span><\/p><p>\u00a0<\/p><p><span style=\"font-weight: 400;\">Como creyente en Cristo, mi mente comenz\u00f3 a considerar los principios que Jes\u00fas ense\u00f1\u00f3 y c\u00f3mo ve\u00eda que en mi sociedad ocurr\u00eda lo contrario. Eso me enfureci\u00f3.<\/span><\/p><p>\u00a0<\/p><p><span style=\"font-weight: 400;\">Como mujer afroamericana, fue como si se reabriera una profunda herida en mi alma; la dif\u00edcil situaci\u00f3n del racismo y la opresi\u00f3n pesaban mucho en mi coraz\u00f3n. Me enfermaba.<\/span><\/p>\t\t\t\t\t\t\t\t<\/div>\n\t\t\t\t<\/div>\n\t\t\t\t\t<\/div>\n\t\t<\/div>\n\t\t\t\t<div class=\"elementor-column elementor-col-50 elementor-top-column elementor-element elementor-element-9e92254\" data-id=\"9e92254\" data-element_type=\"column\" data-e-type=\"column\">\n\t\t\t<div class=\"elementor-widget-wrap elementor-element-populated\">\n\t\t\t\t\t\t<div class=\"elementor-element elementor-element-c23a1a6 elementor-widget elementor-widget-image\" data-id=\"c23a1a6\" data-element_type=\"widget\" data-e-type=\"widget\" data-widget_type=\"image.default\">\n\t\t\t\t<div class=\"elementor-widget-container\">\n\t\t\t\t\t\t\t\t\t\t\t\t\t\t\t<img fetchpriority=\"high\" decoding=\"async\" width=\"600\" height=\"601\" src=\"https:\/\/thesonschildren.com\/wp-content\/uploads\/2020\/07\/Jesus-is-the-answer-600w-V2.jpg\" class=\"attachment-full size-full wp-image-7233\" alt=\"\" srcset=\"https:\/\/thesonschildren.com\/wp-content\/uploads\/2020\/07\/Jesus-is-the-answer-600w-V2.jpg 600w, https:\/\/thesonschildren.com\/wp-content\/uploads\/2020\/07\/Jesus-is-the-answer-600w-V2-300x300.jpg 300w, https:\/\/thesonschildren.com\/wp-content\/uploads\/2020\/07\/Jesus-is-the-answer-600w-V2-150x150.jpg 150w, https:\/\/thesonschildren.com\/wp-content\/uploads\/2020\/07\/Jesus-is-the-answer-600w-V2-420x421.jpg 420w, https:\/\/thesonschildren.com\/wp-content\/uploads\/2020\/07\/Jesus-is-the-answer-600w-V2-315x315.jpg 315w, https:\/\/thesonschildren.com\/wp-content\/uploads\/2020\/07\/Jesus-is-the-answer-600w-V2-100x100.jpg 100w\" sizes=\"(max-width: 600px) 100vw, 600px\" \/>\t\t\t\t\t\t\t\t\t\t\t\t\t\t\t<\/div>\n\t\t\t\t<\/div>\n\t\t\t\t\t<\/div>\n\t\t<\/div>\n\t\t\t\t\t<\/div>\n\t\t<\/section>\n\t\t\t\t<section class=\"elementor-section elementor-top-section elementor-element elementor-element-c62a13c elementor-section-boxed elementor-section-height-default elementor-section-height-default\" data-id=\"c62a13c\" data-element_type=\"section\" data-e-type=\"section\">\n\t\t\t\t\t\t<div class=\"elementor-container elementor-column-gap-default\">\n\t\t\t\t\t<div class=\"elementor-column elementor-col-50 elementor-top-column elementor-element elementor-element-f9c2461\" data-id=\"f9c2461\" data-element_type=\"column\" data-e-type=\"column\">\n\t\t\t<div class=\"elementor-widget-wrap elementor-element-populated\">\n\t\t\t\t\t\t<div class=\"elementor-element elementor-element-5b1f36e elementor-widget elementor-widget-image\" data-id=\"5b1f36e\" data-element_type=\"widget\" data-e-type=\"widget\" data-widget_type=\"image.default\">\n\t\t\t\t<div class=\"elementor-widget-container\">\n\t\t\t\t\t\t\t\t\t\t\t\t\t\t\t<img decoding=\"async\" width=\"600\" height=\"770\" src=\"https:\/\/thesonschildren.com\/wp-content\/uploads\/2020\/07\/Raising-Hand-600w-V1.jpg\" class=\"attachment-large size-large wp-image-7236\" alt=\"\" srcset=\"https:\/\/thesonschildren.com\/wp-content\/uploads\/2020\/07\/Raising-Hand-600w-V1.jpg 600w, https:\/\/thesonschildren.com\/wp-content\/uploads\/2020\/07\/Raising-Hand-600w-V1-234x300.jpg 234w, https:\/\/thesonschildren.com\/wp-content\/uploads\/2020\/07\/Raising-Hand-600w-V1-420x539.jpg 420w, https:\/\/thesonschildren.com\/wp-content\/uploads\/2020\/07\/Raising-Hand-600w-V1-315x404.jpg 315w\" sizes=\"(max-width: 600px) 100vw, 600px\" \/>\t\t\t\t\t\t\t\t\t\t\t\t\t\t\t<\/div>\n\t\t\t\t<\/div>\n\t\t\t\t\t<\/div>\n\t\t<\/div>\n\t\t\t\t<div class=\"elementor-column elementor-col-50 elementor-top-column elementor-element elementor-element-60b889f\" data-id=\"60b889f\" data-element_type=\"column\" data-e-type=\"column\">\n\t\t\t<div class=\"elementor-widget-wrap elementor-element-populated\">\n\t\t\t\t\t\t<div class=\"elementor-element elementor-element-3e7204a elementor-widget elementor-widget-text-editor\" data-id=\"3e7204a\" data-element_type=\"widget\" data-e-type=\"widget\" data-widget_type=\"text-editor.default\">\n\t\t\t\t<div class=\"elementor-widget-container\">\n\t\t\t\t\t\t\t\t\t<p><span style=\"font-weight: 400;\">Como maestra de ni\u00f1os en edad escolar, me encontr\u00e9 en la encrucijada de considerar si estaba haciendo todo lo posible para ayudar realmente a preparar a mis alumnos para el mundo, un mundo lleno de injusticias y en el que parec\u00eda no haber tiempo suficiente para contarlo todo. Eso me entristec\u00eda.<\/span><\/p><p>\u00a0<\/p><p><span style=\"font-weight: 400;\">Esta situaci\u00f3n, coincidiendo (o quiz\u00e1 no tanto) con la del Sr. Floyd, ocurri\u00f3 durante la pandemia de COVID-19... y, a decir verdad, todo parec\u00eda demasiado.\u00a0<\/span><\/p><p>\u00a0<\/p><p><span style=\"font-weight: 400;\">Me di cuenta de que lo que estaba pasando no era solo un problema de los negros. Era un problema de la humanidad. Y nuestra naci\u00f3n lleva cientos de a\u00f1os clamando por que se haga justicia.<\/span><\/p><p>\u00a0<\/p><p><span style=\"font-weight: 400;\">Entonces, comenc\u00e9 a pensar en lo que Dios quer\u00eda que YO hiciera. \u00bfCu\u00e1l era mi papel espec\u00edfico en la oscuridad que ve\u00eda a mi alrededor?<\/span><\/p><p>\u00a0<\/p><p><span style=\"font-weight: 400;\">Y creo que esta es una pregunta que resuena en todas nuestras comunidades en este momento. Muchos est\u00e1n viendo, sintiendo y empezando a comprender qu\u00e9 es la justicia, c\u00f3mo se ha buscado durante demasiado tiempo en nuestra sociedad, y estamos buscando respuestas.\u00a0<\/span><\/p><p><span style=\"font-weight: 400;\">\u00a0<\/span><\/p><p>\u00a0<\/p>\t\t\t\t\t\t\t\t<\/div>\n\t\t\t\t<\/div>\n\t\t\t\t\t<\/div>\n\t\t<\/div>\n\t\t\t\t\t<\/div>\n\t\t<\/section>\n\t\t\t\t<section class=\"elementor-section elementor-top-section elementor-element elementor-element-7ebf986 elementor-section-boxed elementor-section-height-default elementor-section-height-default\" data-id=\"7ebf986\" data-element_type=\"section\" data-e-type=\"section\">\n\t\t\t\t\t\t<div class=\"elementor-container elementor-column-gap-default\">\n\t\t\t\t\t<div class=\"elementor-column elementor-col-100 elementor-top-column elementor-element elementor-element-baea91c\" data-id=\"baea91c\" data-element_type=\"column\" data-e-type=\"column\">\n\t\t\t<div class=\"elementor-widget-wrap elementor-element-populated\">\n\t\t\t\t\t\t<div class=\"elementor-element elementor-element-e257134 elementor-widget elementor-widget-text-editor\" data-id=\"e257134\" data-element_type=\"widget\" data-e-type=\"widget\" data-widget_type=\"text-editor.default\">\n\t\t\t\t<div class=\"elementor-widget-container\">\n\t\t\t\t\t\t\t\t\t<p><span style=\"font-weight: 400;\">Sin embargo, creo que en lugar de mirar a nuestro alrededor, deber\u00edamos considerar que nosotros mismos somos en realidad las respuestas.\u00a0<\/span><\/p><p>\u00a0<\/p><p><span style=\"font-weight: 400;\">T\u00fa, yo, nosotros. \u00a1Nosotros somos la respuesta a la injusticia de nuestra naci\u00f3n! Sea cual sea el papel que desempe\u00f1emos en nuestra sociedad, Dios nos ha dado la capacidad de instaurar y establecer la justicia en los \u00e1mbitos donde es necesaria.\u00a0<\/span><\/p>\t\t\t\t\t\t\t\t<\/div>\n\t\t\t\t<\/div>\n\t\t\t\t\t<\/div>\n\t\t<\/div>\n\t\t\t\t\t<\/div>\n\t\t<\/section>\n\t\t\t\t<\/div>","protected":false},"excerpt":{"rendered":"<p>\u201cHis names will be: Amazing Counselor, Strong God, Eternal Father, Prince of Wholeness. His ruling authority will grow, and there\u2019ll be no limits to the wholeness he brings.\u201d Isaiah 9:7 of The Message Bible \u00a0 I felt my heart weep when I saw the clip of George Floyd pressed to the ground by police as&#8230;<\/p>","protected":false},"author":4,"featured_media":7238,"comment_status":"open","ping_status":"open","sticky":false,"template":"","format":"standard","meta":{"footnotes":""},"categories":[17],"tags":[],"class_list":["post-7230","post","type-post","status-publish","format-standard","has-post-thumbnail","hentry","category-community"],"yoast_head":"<!-- This site is optimized with the Yoast SEO Premium plugin v27.2 (Yoast SEO v27.2) - https:\/\/yoast.com\/product\/yoast-seo-premium-wordpress\/ -->\n<title>Justice - The Son&#039;s Children<\/title>\n<meta name=\"robots\" content=\"index, follow, max-snippet:-1, max-image-preview:large, max-video-preview:-1\" \/>\n<link rel=\"canonical\" href=\"https:\/\/thesonschildren.com\/es\/2020\/07\/16\/justice\/\" \/>\n<meta property=\"og:locale\" content=\"es_MX\" \/>\n<meta property=\"og:type\" content=\"article\" \/>\n<meta property=\"og:title\" content=\"Justice\" \/>\n<meta property=\"og:description\" content=\"\u201cHis names will be: Amazing Counselor, Strong God, Eternal Father, Prince of Wholeness. His ruling authority will grow, and there\u2019ll be no limits to the wholeness he brings.\u201d Isaiah 9:7 of The Message Bible \u00a0 I felt my heart weep when I saw the clip of George Floyd pressed to the ground by police as...\" \/>\n<meta property=\"og:url\" content=\"https:\/\/thesonschildren.com\/es\/2020\/07\/16\/justice\/\" \/>\n<meta property=\"og:site_name\" content=\"The Son&#039;s Children\" \/>\n<meta property=\"article:publisher\" content=\"https:\/\/www.facebook.com\/TheSonsChildren\/\" \/>\n<meta property=\"article:published_time\" content=\"2020-07-16T23:38:00+00:00\" \/>\n<meta property=\"article:modified_time\" content=\"2020-08-28T00:39:02+00:00\" \/>\n<meta property=\"og:image\" content=\"https:\/\/thesonschildren.com\/wp-content\/uploads\/2020\/07\/Do-Justice-1200w-V1.jpg\" \/>\n\t<meta property=\"og:image:width\" content=\"1200\" \/>\n\t<meta property=\"og:image:height\" content=\"800\" \/>\n\t<meta property=\"og:image:type\" content=\"image\/jpeg\" \/>\n<meta name=\"author\" content=\"Britnee Bradshaw\" \/>\n<meta name=\"twitter:card\" content=\"summary_large_image\" \/>\n<meta name=\"twitter:label1\" content=\"Escrito por\" \/>\n\t<meta name=\"twitter:data1\" content=\"Britnee Bradshaw\" \/>\n\t<meta name=\"twitter:label2\" content=\"Tiempo de lectura\" \/>\n\t<meta name=\"twitter:data2\" content=\"2 minutos\" \/>\n<script type=\"application\/ld+json\" class=\"yoast-schema-graph\">{\"@context\":\"https:\/\/schema.org\",\"@graph\":[{\"@type\":\"Article\",\"@id\":\"https:\/\/thesonschildren.com\/2020\/07\/16\/justice\/#article\",\"isPartOf\":{\"@id\":\"https:\/\/thesonschildren.com\/2020\/07\/16\/justice\/\"},\"author\":{\"name\":\"Britnee Bradshaw\",\"@id\":\"https:\/\/thesonschildren.com\/#\/schema\/person\/f876f737151ecaa5ab99678474c0d80f\"},\"headline\":\"Justice\",\"datePublished\":\"2020-07-16T23:38:00+00:00\",\"dateModified\":\"2020-08-28T00:39:02+00:00\",\"mainEntityOfPage\":{\"@id\":\"https:\/\/thesonschildren.com\/2020\/07\/16\/justice\/\"},\"wordCount\":437,\"commentCount\":0,\"publisher\":{\"@id\":\"https:\/\/thesonschildren.com\/#organization\"},\"image\":{\"@id\":\"https:\/\/thesonschildren.com\/2020\/07\/16\/justice\/#primaryimage\"},\"thumbnailUrl\":\"https:\/\/thesonschildren.com\/wp-content\/uploads\/2020\/07\/Do-Justice-1200w-V1.jpg\",\"articleSection\":[\"Community\"],\"inLanguage\":\"es\",\"potentialAction\":[{\"@type\":\"CommentAction\",\"name\":\"Comment\",\"target\":[\"https:\/\/thesonschildren.com\/2020\/07\/16\/justice\/#respond\"]}]},{\"@type\":\"WebPage\",\"@id\":\"https:\/\/thesonschildren.com\/2020\/07\/16\/justice\/\",\"url\":\"https:\/\/thesonschildren.com\/2020\/07\/16\/justice\/\",\"name\":\"Justice - The Son&#039;s Children\",\"isPartOf\":{\"@id\":\"https:\/\/thesonschildren.com\/#website\"},\"primaryImageOfPage\":{\"@id\":\"https:\/\/thesonschildren.com\/2020\/07\/16\/justice\/#primaryimage\"},\"image\":{\"@id\":\"https:\/\/thesonschildren.com\/2020\/07\/16\/justice\/#primaryimage\"},\"thumbnailUrl\":\"https:\/\/thesonschildren.com\/wp-content\/uploads\/2020\/07\/Do-Justice-1200w-V1.jpg\",\"datePublished\":\"2020-07-16T23:38:00+00:00\",\"dateModified\":\"2020-08-28T00:39:02+00:00\",\"breadcrumb\":{\"@id\":\"https:\/\/thesonschildren.com\/2020\/07\/16\/justice\/#breadcrumb\"},\"inLanguage\":\"es\",\"potentialAction\":[{\"@type\":\"ReadAction\",\"target\":[\"https:\/\/thesonschildren.com\/2020\/07\/16\/justice\/\"]}]},{\"@type\":\"ImageObject\",\"inLanguage\":\"es\",\"@id\":\"https:\/\/thesonschildren.com\/2020\/07\/16\/justice\/#primaryimage\",\"url\":\"https:\/\/thesonschildren.com\/wp-content\/uploads\/2020\/07\/Do-Justice-1200w-V1.jpg\",\"contentUrl\":\"https:\/\/thesonschildren.com\/wp-content\/uploads\/2020\/07\/Do-Justice-1200w-V1.jpg\",\"width\":1200,\"height\":800},{\"@type\":\"BreadcrumbList\",\"@id\":\"https:\/\/thesonschildren.com\/2020\/07\/16\/justice\/#breadcrumb\",\"itemListElement\":[{\"@type\":\"ListItem\",\"position\":1,\"name\":\"Home\",\"item\":\"https:\/\/thesonschildren.com\/\"},{\"@type\":\"ListItem\",\"position\":2,\"name\":\"Justice\"}]},{\"@type\":\"WebSite\",\"@id\":\"https:\/\/thesonschildren.com\/#website\",\"url\":\"https:\/\/thesonschildren.com\/\",\"name\":\"The Son's Children\",\"description\":\"Learning Center - Infant, Preschool &amp; After-School Care\",\"publisher\":{\"@id\":\"https:\/\/thesonschildren.com\/#organization\"},\"potentialAction\":[{\"@type\":\"SearchAction\",\"target\":{\"@type\":\"EntryPoint\",\"urlTemplate\":\"https:\/\/thesonschildren.com\/?s={search_term_string}\"},\"query-input\":{\"@type\":\"PropertyValueSpecification\",\"valueRequired\":true,\"valueName\":\"search_term_string\"}}],\"inLanguage\":\"es\"},{\"@type\":\"Organization\",\"@id\":\"https:\/\/thesonschildren.com\/#organization\",\"name\":\"The Son's Children\",\"alternateName\":\"TSC\",\"url\":\"https:\/\/thesonschildren.com\/\",\"logo\":{\"@type\":\"ImageObject\",\"inLanguage\":\"es\",\"@id\":\"https:\/\/thesonschildren.com\/#\/schema\/logo\/image\/\",\"url\":\"https:\/\/thesonschildren.com\/wp-content\/uploads\/2020\/01\/TSC-Logo-2023.png\",\"contentUrl\":\"https:\/\/thesonschildren.com\/wp-content\/uploads\/2020\/01\/TSC-Logo-2023.png\",\"width\":250,\"height\":170,\"caption\":\"The Son's Children\"},\"image\":{\"@id\":\"https:\/\/thesonschildren.com\/#\/schema\/logo\/image\/\"},\"sameAs\":[\"https:\/\/www.facebook.com\/TheSonsChildren\/\"],\"description\":\"Faith-Based Child Care Center Christian Child Care Center Learning Center\"},{\"@type\":\"Person\",\"@id\":\"https:\/\/thesonschildren.com\/#\/schema\/person\/f876f737151ecaa5ab99678474c0d80f\",\"name\":\"Britnee Bradshaw\",\"image\":{\"@type\":\"ImageObject\",\"inLanguage\":\"es\",\"@id\":\"https:\/\/secure.gravatar.com\/avatar\/077670c1f36fde1125dffa06cd2f902aae06692ed88b172ccfa261eff9adcd26?s=96&d=mm&r=g\",\"url\":\"https:\/\/secure.gravatar.com\/avatar\/077670c1f36fde1125dffa06cd2f902aae06692ed88b172ccfa261eff9adcd26?s=96&d=mm&r=g\",\"contentUrl\":\"https:\/\/secure.gravatar.com\/avatar\/077670c1f36fde1125dffa06cd2f902aae06692ed88b172ccfa261eff9adcd26?s=96&d=mm&r=g\",\"caption\":\"Britnee Bradshaw\"},\"url\":\"https:\/\/thesonschildren.com\/es\/author\/britnee-bradshaw\/\"}]}<\/script>\n<!-- \/ Yoast SEO Premium plugin. -->","yoast_head_json":{"title":"Justice - The Son&#039;s Children","robots":{"index":"index","follow":"follow","max-snippet":"max-snippet:-1","max-image-preview":"max-image-preview:large","max-video-preview":"max-video-preview:-1"},"canonical":"https:\/\/thesonschildren.com\/es\/2020\/07\/16\/justice\/","og_locale":"es_MX","og_type":"article","og_title":"Justice","og_description":"\u201cHis names will be: Amazing Counselor, Strong God, Eternal Father, Prince of Wholeness. His ruling authority will grow, and there\u2019ll be no limits to the wholeness he brings.\u201d Isaiah 9:7 of The Message Bible \u00a0 I felt my heart weep when I saw the clip of George Floyd pressed to the ground by police as...","og_url":"https:\/\/thesonschildren.com\/es\/2020\/07\/16\/justice\/","og_site_name":"The Son&#039;s Children","article_publisher":"https:\/\/www.facebook.com\/TheSonsChildren\/","article_published_time":"2020-07-16T23:38:00+00:00","article_modified_time":"2020-08-28T00:39:02+00:00","og_image":[{"width":1200,"height":800,"url":"https:\/\/thesonschildren.com\/wp-content\/uploads\/2020\/07\/Do-Justice-1200w-V1.jpg","type":"image\/jpeg"}],"author":"Britnee Bradshaw","twitter_card":"summary_large_image","twitter_misc":{"Escrito por":"Britnee Bradshaw","Tiempo de lectura":"2 minutos"},"schema":{"@context":"https:\/\/schema.org","@graph":[{"@type":"Article","@id":"https:\/\/thesonschildren.com\/2020\/07\/16\/justice\/#article","isPartOf":{"@id":"https:\/\/thesonschildren.com\/2020\/07\/16\/justice\/"},"author":{"name":"Britnee Bradshaw","@id":"https:\/\/thesonschildren.com\/#\/schema\/person\/f876f737151ecaa5ab99678474c0d80f"},"headline":"Justice","datePublished":"2020-07-16T23:38:00+00:00","dateModified":"2020-08-28T00:39:02+00:00","mainEntityOfPage":{"@id":"https:\/\/thesonschildren.com\/2020\/07\/16\/justice\/"},"wordCount":437,"commentCount":0,"publisher":{"@id":"https:\/\/thesonschildren.com\/#organization"},"image":{"@id":"https:\/\/thesonschildren.com\/2020\/07\/16\/justice\/#primaryimage"},"thumbnailUrl":"https:\/\/thesonschildren.com\/wp-content\/uploads\/2020\/07\/Do-Justice-1200w-V1.jpg","articleSection":["Community"],"inLanguage":"es","potentialAction":[{"@type":"CommentAction","name":"Comment","target":["https:\/\/thesonschildren.com\/2020\/07\/16\/justice\/#respond"]}]},{"@type":"WebPage","@id":"https:\/\/thesonschildren.com\/2020\/07\/16\/justice\/","url":"https:\/\/thesonschildren.com\/2020\/07\/16\/justice\/","name":"Justice - The Son&#039;s Children","isPartOf":{"@id":"https:\/\/thesonschildren.com\/#website"},"primaryImageOfPage":{"@id":"https:\/\/thesonschildren.com\/2020\/07\/16\/justice\/#primaryimage"},"image":{"@id":"https:\/\/thesonschildren.com\/2020\/07\/16\/justice\/#primaryimage"},"thumbnailUrl":"https:\/\/thesonschildren.com\/wp-content\/uploads\/2020\/07\/Do-Justice-1200w-V1.jpg","datePublished":"2020-07-16T23:38:00+00:00","dateModified":"2020-08-28T00:39:02+00:00","breadcrumb":{"@id":"https:\/\/thesonschildren.com\/2020\/07\/16\/justice\/#breadcrumb"},"inLanguage":"es","potentialAction":[{"@type":"ReadAction","target":["https:\/\/thesonschildren.com\/2020\/07\/16\/justice\/"]}]},{"@type":"ImageObject","inLanguage":"es","@id":"https:\/\/thesonschildren.com\/2020\/07\/16\/justice\/#primaryimage","url":"https:\/\/thesonschildren.com\/wp-content\/uploads\/2020\/07\/Do-Justice-1200w-V1.jpg","contentUrl":"https:\/\/thesonschildren.com\/wp-content\/uploads\/2020\/07\/Do-Justice-1200w-V1.jpg","width":1200,"height":800},{"@type":"BreadcrumbList","@id":"https:\/\/thesonschildren.com\/2020\/07\/16\/justice\/#breadcrumb","itemListElement":[{"@type":"ListItem","position":1,"name":"Home","item":"https:\/\/thesonschildren.com\/"},{"@type":"ListItem","position":2,"name":"Justice"}]},{"@type":"WebSite","@id":"https:\/\/thesonschildren.com\/#website","url":"https:\/\/thesonschildren.com\/","name":"Los hijos del Hijo","description":"Centro de aprendizaje: cuidado infantil, preescolar y extraescolar","publisher":{"@id":"https:\/\/thesonschildren.com\/#organization"},"potentialAction":[{"@type":"SearchAction","target":{"@type":"EntryPoint","urlTemplate":"https:\/\/thesonschildren.com\/?s={search_term_string}"},"query-input":{"@type":"PropertyValueSpecification","valueRequired":true,"valueName":"search_term_string"}}],"inLanguage":"es"},{"@type":"Organization","@id":"https:\/\/thesonschildren.com\/#organization","name":"Los hijos del Hijo","alternateName":"TSC","url":"https:\/\/thesonschildren.com\/","logo":{"@type":"ImageObject","inLanguage":"es","@id":"https:\/\/thesonschildren.com\/#\/schema\/logo\/image\/","url":"https:\/\/thesonschildren.com\/wp-content\/uploads\/2020\/01\/TSC-Logo-2023.png","contentUrl":"https:\/\/thesonschildren.com\/wp-content\/uploads\/2020\/01\/TSC-Logo-2023.png","width":250,"height":170,"caption":"The Son's Children"},"image":{"@id":"https:\/\/thesonschildren.com\/#\/schema\/logo\/image\/"},"sameAs":["https:\/\/www.facebook.com\/TheSonsChildren\/"],"description":"Centro de cuidado infantil basado en la fe Centro cristiano de cuidado infantil Centro de aprendizaje"},{"@type":"Person","@id":"https:\/\/thesonschildren.com\/#\/schema\/person\/f876f737151ecaa5ab99678474c0d80f","name":"Britnee Bradshaw","image":{"@type":"ImageObject","inLanguage":"es","@id":"https:\/\/secure.gravatar.com\/avatar\/077670c1f36fde1125dffa06cd2f902aae06692ed88b172ccfa261eff9adcd26?s=96&d=mm&r=g","url":"https:\/\/secure.gravatar.com\/avatar\/077670c1f36fde1125dffa06cd2f902aae06692ed88b172ccfa261eff9adcd26?s=96&d=mm&r=g","contentUrl":"https:\/\/secure.gravatar.com\/avatar\/077670c1f36fde1125dffa06cd2f902aae06692ed88b172ccfa261eff9adcd26?s=96&d=mm&r=g","caption":"Britnee Bradshaw"},"url":"https:\/\/thesonschildren.com\/es\/author\/britnee-bradshaw\/"}]}},"_links":{"self":[{"href":"https:\/\/thesonschildren.com\/es\/wp-json\/wp\/v2\/posts\/7230","targetHints":{"allow":["GET"]}}],"collection":[{"href":"https:\/\/thesonschildren.com\/es\/wp-json\/wp\/v2\/posts"}],"about":[{"href":"https:\/\/thesonschildren.com\/es\/wp-json\/wp\/v2\/types\/post"}],"author":[{"embeddable":true,"href":"https:\/\/thesonschildren.com\/es\/wp-json\/wp\/v2\/users\/4"}],"replies":[{"embeddable":true,"href":"https:\/\/thesonschildren.com\/es\/wp-json\/wp\/v2\/comments?post=7230"}],"version-history":[{"count":8,"href":"https:\/\/thesonschildren.com\/es\/wp-json\/wp\/v2\/posts\/7230\/revisions"}],"predecessor-version":[{"id":7242,"href":"https:\/\/thesonschildren.com\/es\/wp-json\/wp\/v2\/posts\/7230\/revisions\/7242"}],"wp:featuredmedia":[{"embeddable":true,"href":"https:\/\/thesonschildren.com\/es\/wp-json\/wp\/v2\/media\/7238"}],"wp:attachment":[{"href":"https:\/\/thesonschildren.com\/es\/wp-json\/wp\/v2\/media?parent=7230"}],"wp:term":[{"taxonomy":"category","embeddable":true,"href":"https:\/\/thesonschildren.com\/es\/wp-json\/wp\/v2\/categories?post=7230"},{"taxonomy":"post_tag","embeddable":true,"href":"https:\/\/thesonschildren.com\/es\/wp-json\/wp\/v2\/tags?post=7230"}],"curies":[{"name":"wp","href":"https:\/\/api.w.org\/{rel}","templated":true}]}}