{"id":6981,"date":"2020-03-31T11:09:00","date_gmt":"2020-03-31T11:09:00","guid":{"rendered":"http:\/\/thesonschildren.com\/?p=6981"},"modified":"2020-07-22T04:04:25","modified_gmt":"2020-07-22T04:04:25","slug":"pandemic-update","status":"publish","type":"post","link":"https:\/\/thesonschildren.com\/es\/2020\/03\/31\/pandemic-update\/","title":{"rendered":"Actualizaci\u00f3n de la pandemia"},"content":{"rendered":"<div data-elementor-type=\"wp-post\" data-elementor-id=\"6981\" class=\"elementor elementor-6981\" data-elementor-post-type=\"post\">\n\t\t\t\t\t\t<section class=\"elementor-section elementor-top-section elementor-element elementor-element-49b32e8 elementor-section-boxed elementor-section-height-default elementor-section-height-default\" data-id=\"49b32e8\" data-element_type=\"section\" data-e-type=\"section\">\n\t\t\t\t\t\t<div class=\"elementor-container elementor-column-gap-default\">\n\t\t\t\t\t<div class=\"elementor-column elementor-col-100 elementor-top-column elementor-element elementor-element-021fd37\" data-id=\"021fd37\" data-element_type=\"column\" data-e-type=\"column\">\n\t\t\t<div class=\"elementor-widget-wrap elementor-element-populated\">\n\t\t\t\t\t\t<div class=\"elementor-element elementor-element-ff87536 elementor-widget elementor-widget-text-editor\" data-id=\"ff87536\" data-element_type=\"widget\" data-e-type=\"widget\" data-widget_type=\"text-editor.default\">\n\t\t\t\t<div class=\"elementor-widget-container\">\n\t\t\t\t\t\t\t\t\t<p><strong>La siguiente carta se envi\u00f3 a los padres, tutores y personal el 31 de marzo de 2020.<\/strong><\/p>\n<p>Querida familia:,<\/p>\n<p>Por la gracia de Dios, estamos aqu\u00ed para servir a los ni\u00f1os y sus familias en estos momentos dif\u00edciles. Nuestro plan es ayudar al gobernador Ducey y al estado de Arizona cuidando a los hijos de nuestros socorristas y trabajadores de servicios esenciales.<\/p>\n<p>Muchas cosas nos han sido arrebatadas durante esta pandemia (nuestro entretenimiento, nuestra salud, los deportes, nuestros ingresos y, para algunos, la vida); adem\u00e1s, el coronavirus est\u00e1 cambiando la vida cotidiana de todos nosotros. Sin embargo, lo que puede permanecer fuerte es nuestra fe y nuestra familia. Queremos animarte a que seas:<\/p>\t\t\t\t\t\t\t\t<\/div>\n\t\t\t\t<\/div>\n\t\t\t\t\t<\/div>\n\t\t<\/div>\n\t\t\t\t\t<\/div>\n\t\t<\/section>\n\t\t\t\t<section class=\"elementor-section elementor-top-section elementor-element elementor-element-d44eac5 elementor-section-boxed elementor-section-height-default elementor-section-height-default\" data-id=\"d44eac5\" data-element_type=\"section\" data-e-type=\"section\">\n\t\t\t\t\t\t<div class=\"elementor-container elementor-column-gap-default\">\n\t\t\t\t\t<div class=\"elementor-column elementor-col-100 elementor-top-column elementor-element elementor-element-250a1c1\" data-id=\"250a1c1\" data-element_type=\"column\" data-e-type=\"column\">\n\t\t\t<div class=\"elementor-widget-wrap elementor-element-populated\">\n\t\t\t\t\t\t<div class=\"elementor-element elementor-element-c382d66 elementor-widget elementor-widget-heading\" data-id=\"c382d66\" data-element_type=\"widget\" data-e-type=\"widget\" data-widget_type=\"heading.default\">\n\t\t\t\t<div class=\"elementor-widget-container\">\n\t\t\t\t\t<h2 class=\"elementor-heading-title elementor-size-default\">Devoto, esperanzado, cuidadoso<\/h2>\t\t\t\t<\/div>\n\t\t\t\t<\/div>\n\t\t\t\t\t<\/div>\n\t\t<\/div>\n\t\t\t\t\t<\/div>\n\t\t<\/section>\n\t\t\t\t<section class=\"elementor-section elementor-top-section elementor-element elementor-element-abfa489 elementor-section-boxed elementor-section-height-default elementor-section-height-default\" data-id=\"abfa489\" data-element_type=\"section\" data-e-type=\"section\">\n\t\t\t\t\t\t<div class=\"elementor-container elementor-column-gap-default\">\n\t\t\t\t\t<div class=\"elementor-column elementor-col-100 elementor-top-column elementor-element elementor-element-2619369\" data-id=\"2619369\" data-element_type=\"column\" data-e-type=\"column\">\n\t\t\t<div class=\"elementor-widget-wrap elementor-element-populated\">\n\t\t\t\t\t\t<div class=\"elementor-element elementor-element-ad05cc4 elementor-widget elementor-widget-text-editor\" data-id=\"ad05cc4\" data-element_type=\"widget\" data-e-type=\"widget\" data-widget_type=\"text-editor.default\">\n\t\t\t\t<div class=\"elementor-widget-container\">\n\t\t\t\t\t\t\t\t\t<p>Nuestra fe puede ser nuestro fundamento. Realmente aprecio y considero las siguientes palabras que Dios sigue pronunciando directamente en los corazones de su pueblo. Cuando atravieses aguas profundas, yo estar\u00e9 contigo.\u00a0<\/p>\t\t\t\t\t\t\t\t<\/div>\n\t\t\t\t<\/div>\n\t\t\t\t\t<\/div>\n\t\t<\/div>\n\t\t\t\t\t<\/div>\n\t\t<\/section>\n\t\t\t\t<section class=\"elementor-section elementor-top-section elementor-element elementor-element-a69b6df elementor-section-boxed elementor-section-height-default elementor-section-height-default\" data-id=\"a69b6df\" data-element_type=\"section\" data-e-type=\"section\">\n\t\t\t\t\t\t<div class=\"elementor-container elementor-column-gap-default\">\n\t\t\t\t\t<div class=\"elementor-column elementor-col-25 elementor-top-column elementor-element elementor-element-ead9890\" data-id=\"ead9890\" data-element_type=\"column\" data-e-type=\"column\">\n\t\t\t<div class=\"elementor-widget-wrap\">\n\t\t\t\t\t\t\t<\/div>\n\t\t<\/div>\n\t\t\t\t<div class=\"elementor-column elementor-col-50 elementor-top-column elementor-element elementor-element-e0858f5\" data-id=\"e0858f5\" data-element_type=\"column\" data-e-type=\"column\">\n\t\t\t<div class=\"elementor-widget-wrap elementor-element-populated\">\n\t\t\t\t\t\t<div class=\"elementor-element elementor-element-1d2f8d3 elementor-widget elementor-widget-text-editor\" data-id=\"1d2f8d3\" data-element_type=\"widget\" data-e-type=\"widget\" data-widget_type=\"text-editor.default\">\n\t\t\t\t<div class=\"elementor-widget-container\">\n\t\t\t\t\t\t\t\t\t<p><strong>Cuando atravieses r\u00edos de dificultades, no te ahogar\u00e1s.<\/strong><br \/><strong>No temas, porque yo estoy contigo.<\/strong><br \/><strong>Porque estoy a punto de hacer algo nuevo.\u00a0<\/strong><\/p>\n<p>(Isa\u00edas 43:2a, 5a, 19a)<\/p>\t\t\t\t\t\t\t\t<\/div>\n\t\t\t\t<\/div>\n\t\t\t\t\t<\/div>\n\t\t<\/div>\n\t\t\t\t<div class=\"elementor-column elementor-col-25 elementor-top-column elementor-element elementor-element-6702c8d\" data-id=\"6702c8d\" data-element_type=\"column\" data-e-type=\"column\">\n\t\t\t<div class=\"elementor-widget-wrap\">\n\t\t\t\t\t\t\t<\/div>\n\t\t<\/div>\n\t\t\t\t\t<\/div>\n\t\t<\/section>\n\t\t\t\t<section class=\"elementor-section elementor-top-section elementor-element elementor-element-61b5b20 elementor-section-boxed elementor-section-height-default elementor-section-height-default\" data-id=\"61b5b20\" data-element_type=\"section\" data-e-type=\"section\">\n\t\t\t\t\t\t<div class=\"elementor-container elementor-column-gap-default\">\n\t\t\t\t\t<div class=\"elementor-column elementor-col-50 elementor-top-column elementor-element elementor-element-4129742\" data-id=\"4129742\" data-element_type=\"column\" data-e-type=\"column\">\n\t\t\t<div class=\"elementor-widget-wrap elementor-element-populated\">\n\t\t\t\t\t\t<div class=\"elementor-element elementor-element-72dca56 elementor-widget elementor-widget-text-editor\" data-id=\"72dca56\" data-element_type=\"widget\" data-e-type=\"widget\" data-widget_type=\"text-editor.default\">\n\t\t\t\t<div class=\"elementor-widget-container\">\n\t\t\t\t\t\t\t\t\t<p>Si podemos hacer una pausa y ser\u00a0<strong><em>devoto\u00a0<\/em><\/strong>a nuestro gran Dios; porque sabemos que \u00c9l puede acompa\u00f1arnos en nuestro dolor y proporcionarnos una salida a cualquier dificultad. Mientras buscamos a Dios, \u00c9l a menudo nos muestra \u201calgo nuevo\u201d y nos proporciona una\u00a0<strong><em>esperanzado<\/em><\/strong>\u00a0visi\u00f3n para nuestro futuro.\u00a0<\/p>\n<p>\u00a0<\/p>\n<p>Por \u00faltimo, queremos ser\u00a0<strong><em>cuidadoso<\/em><\/strong>\u00a0con la salud y la seguridad de todos en nuestro Centro de Aprendizaje, por lo que estamos tomando la temperatura de todas las personas que pasan por nuestro edificio (personal y ni\u00f1os). Seguiremos buscando orientaci\u00f3n de las agencias gubernamentales federales, estatales y locales sobre c\u00f3mo servir a nuestra comunidad durante esta pandemia.<\/p>\n<p>\u00a0<\/p>\n<p>Habr\u00e1 d\u00edas mejores por delante.,<\/p>\n<p>Austin Willard<\/p>\t\t\t\t\t\t\t\t<\/div>\n\t\t\t\t<\/div>\n\t\t\t\t\t<\/div>\n\t\t<\/div>\n\t\t\t\t<div class=\"elementor-column elementor-col-50 elementor-top-column elementor-element elementor-element-84d5f54\" data-id=\"84d5f54\" data-element_type=\"column\" data-e-type=\"column\">\n\t\t\t<div class=\"elementor-widget-wrap elementor-element-populated\">\n\t\t\t\t\t\t<div class=\"elementor-element elementor-element-147655c elementor-widget elementor-widget-image\" data-id=\"147655c\" data-element_type=\"widget\" data-e-type=\"widget\" data-widget_type=\"image.default\">\n\t\t\t\t<div class=\"elementor-widget-container\">\n\t\t\t\t\t\t\t\t\t\t\t\t\t\t\t<img fetchpriority=\"high\" decoding=\"async\" width=\"600\" height=\"372\" src=\"https:\/\/thesonschildren.com\/wp-content\/uploads\/2020\/03\/Prayerful-Hopeful-Careful-550w-V1.jpg\" class=\"attachment-full size-full wp-image-7096\" alt=\"\" srcset=\"https:\/\/thesonschildren.com\/wp-content\/uploads\/2020\/03\/Prayerful-Hopeful-Careful-550w-V1.jpg 600w, https:\/\/thesonschildren.com\/wp-content\/uploads\/2020\/03\/Prayerful-Hopeful-Careful-550w-V1-300x186.jpg 300w, https:\/\/thesonschildren.com\/wp-content\/uploads\/2020\/03\/Prayerful-Hopeful-Careful-550w-V1-420x260.jpg 420w, https:\/\/thesonschildren.com\/wp-content\/uploads\/2020\/03\/Prayerful-Hopeful-Careful-550w-V1-315x195.jpg 315w\" sizes=\"(max-width: 600px) 100vw, 600px\" \/>\t\t\t\t\t\t\t\t\t\t\t\t\t\t\t<\/div>\n\t\t\t\t<\/div>\n\t\t\t\t\t<\/div>\n\t\t<\/div>\n\t\t\t\t\t<\/div>\n\t\t<\/section>\n\t\t\t\t<\/div>","protected":false},"excerpt":{"rendered":"<p>The letter below went out to Parents\/Guardians\/Staff on March 31, 2020 Dear Family, By the Grace of God, we are here to serve children and their families in this difficult time.\u00a0\u00a0Our plans are to assist Governor Ducey and the state of Arizona by caring for the children of our first responders and essential business workers&#8230;.<\/p>","protected":false},"author":1,"featured_media":7093,"comment_status":"closed","ping_status":"open","sticky":false,"template":"","format":"standard","meta":{"footnotes":""},"categories":[17],"tags":[],"class_list":["post-6981","post","type-post","status-publish","format-standard","has-post-thumbnail","hentry","category-community"],"yoast_head":"<!-- This site is optimized with the Yoast SEO Premium plugin v27.2 (Yoast SEO v27.2) - https:\/\/yoast.com\/product\/yoast-seo-premium-wordpress\/ -->\n<title>Pandemic Update - The Son&#039;s Children<\/title>\n<meta name=\"robots\" content=\"index, follow, max-snippet:-1, max-image-preview:large, max-video-preview:-1\" \/>\n<link rel=\"canonical\" href=\"https:\/\/thesonschildren.com\/es\/2020\/03\/31\/pandemic-update\/\" \/>\n<meta property=\"og:locale\" content=\"es_MX\" \/>\n<meta property=\"og:type\" content=\"article\" \/>\n<meta property=\"og:title\" content=\"Pandemic Update\" \/>\n<meta property=\"og:description\" content=\"The letter below went out to Parents\/Guardians\/Staff on March 31, 2020 Dear Family, By the Grace of God, we are here to serve children and their families in this difficult time.\u00a0\u00a0Our plans are to assist Governor Ducey and the state of Arizona by caring for the children of our first responders and essential business workers....\" \/>\n<meta property=\"og:url\" content=\"https:\/\/thesonschildren.com\/es\/2020\/03\/31\/pandemic-update\/\" \/>\n<meta property=\"og:site_name\" content=\"The Son&#039;s Children\" \/>\n<meta property=\"article:publisher\" content=\"https:\/\/www.facebook.com\/TheSonsChildren\/\" \/>\n<meta property=\"article:published_time\" content=\"2020-03-31T11:09:00+00:00\" \/>\n<meta property=\"article:modified_time\" content=\"2020-07-22T04:04:25+00:00\" \/>\n<meta property=\"og:image\" content=\"https:\/\/thesonschildren.com\/wp-content\/uploads\/2020\/03\/Prayerful-Hopeful-Careful-Blog-1200w-V2.jpg\" \/>\n\t<meta property=\"og:image:width\" content=\"1200\" \/>\n\t<meta property=\"og:image:height\" content=\"560\" \/>\n\t<meta property=\"og:image:type\" content=\"image\/jpeg\" \/>\n<meta name=\"author\" content=\"austinwillard\" \/>\n<meta name=\"twitter:card\" content=\"summary_large_image\" \/>\n<meta name=\"twitter:label1\" content=\"Escrito por\" \/>\n\t<meta name=\"twitter:data1\" content=\"austinwillard\" \/>\n\t<meta name=\"twitter:label2\" content=\"Tiempo de lectura\" \/>\n\t<meta name=\"twitter:data2\" content=\"1 minuto\" \/>\n<script type=\"application\/ld+json\" class=\"yoast-schema-graph\">{\"@context\":\"https:\/\/schema.org\",\"@graph\":[{\"@type\":\"Article\",\"@id\":\"https:\/\/thesonschildren.com\/2020\/03\/31\/pandemic-update\/#article\",\"isPartOf\":{\"@id\":\"https:\/\/thesonschildren.com\/2020\/03\/31\/pandemic-update\/\"},\"author\":{\"name\":\"austinwillard\",\"@id\":\"https:\/\/thesonschildren.com\/#\/schema\/person\/373cc05a71f161d018bf759f80f6489b\"},\"headline\":\"Pandemic Update\",\"datePublished\":\"2020-03-31T11:09:00+00:00\",\"dateModified\":\"2020-07-22T04:04:25+00:00\",\"mainEntityOfPage\":{\"@id\":\"https:\/\/thesonschildren.com\/2020\/03\/31\/pandemic-update\/\"},\"wordCount\":291,\"publisher\":{\"@id\":\"https:\/\/thesonschildren.com\/#organization\"},\"image\":{\"@id\":\"https:\/\/thesonschildren.com\/2020\/03\/31\/pandemic-update\/#primaryimage\"},\"thumbnailUrl\":\"https:\/\/thesonschildren.com\/wp-content\/uploads\/2020\/03\/Prayerful-Hopeful-Careful-Blog-1200w-V2.jpg\",\"articleSection\":[\"Community\"],\"inLanguage\":\"es\"},{\"@type\":\"WebPage\",\"@id\":\"https:\/\/thesonschildren.com\/2020\/03\/31\/pandemic-update\/\",\"url\":\"https:\/\/thesonschildren.com\/2020\/03\/31\/pandemic-update\/\",\"name\":\"Pandemic Update - The Son&#039;s Children\",\"isPartOf\":{\"@id\":\"https:\/\/thesonschildren.com\/#website\"},\"primaryImageOfPage\":{\"@id\":\"https:\/\/thesonschildren.com\/2020\/03\/31\/pandemic-update\/#primaryimage\"},\"image\":{\"@id\":\"https:\/\/thesonschildren.com\/2020\/03\/31\/pandemic-update\/#primaryimage\"},\"thumbnailUrl\":\"https:\/\/thesonschildren.com\/wp-content\/uploads\/2020\/03\/Prayerful-Hopeful-Careful-Blog-1200w-V2.jpg\",\"datePublished\":\"2020-03-31T11:09:00+00:00\",\"dateModified\":\"2020-07-22T04:04:25+00:00\",\"breadcrumb\":{\"@id\":\"https:\/\/thesonschildren.com\/2020\/03\/31\/pandemic-update\/#breadcrumb\"},\"inLanguage\":\"es\",\"potentialAction\":[{\"@type\":\"ReadAction\",\"target\":[\"https:\/\/thesonschildren.com\/2020\/03\/31\/pandemic-update\/\"]}]},{\"@type\":\"ImageObject\",\"inLanguage\":\"es\",\"@id\":\"https:\/\/thesonschildren.com\/2020\/03\/31\/pandemic-update\/#primaryimage\",\"url\":\"https:\/\/thesonschildren.com\/wp-content\/uploads\/2020\/03\/Prayerful-Hopeful-Careful-Blog-1200w-V2.jpg\",\"contentUrl\":\"https:\/\/thesonschildren.com\/wp-content\/uploads\/2020\/03\/Prayerful-Hopeful-Careful-Blog-1200w-V2.jpg\",\"width\":1200,\"height\":560},{\"@type\":\"BreadcrumbList\",\"@id\":\"https:\/\/thesonschildren.com\/2020\/03\/31\/pandemic-update\/#breadcrumb\",\"itemListElement\":[{\"@type\":\"ListItem\",\"position\":1,\"name\":\"Home\",\"item\":\"https:\/\/thesonschildren.com\/\"},{\"@type\":\"ListItem\",\"position\":2,\"name\":\"Pandemic Update\"}]},{\"@type\":\"WebSite\",\"@id\":\"https:\/\/thesonschildren.com\/#website\",\"url\":\"https:\/\/thesonschildren.com\/\",\"name\":\"The Son's Children\",\"description\":\"Learning Center - Infant, Preschool &amp; After-School Care\",\"publisher\":{\"@id\":\"https:\/\/thesonschildren.com\/#organization\"},\"potentialAction\":[{\"@type\":\"SearchAction\",\"target\":{\"@type\":\"EntryPoint\",\"urlTemplate\":\"https:\/\/thesonschildren.com\/?s={search_term_string}\"},\"query-input\":{\"@type\":\"PropertyValueSpecification\",\"valueRequired\":true,\"valueName\":\"search_term_string\"}}],\"inLanguage\":\"es\"},{\"@type\":\"Organization\",\"@id\":\"https:\/\/thesonschildren.com\/#organization\",\"name\":\"The Son's Children\",\"alternateName\":\"TSC\",\"url\":\"https:\/\/thesonschildren.com\/\",\"logo\":{\"@type\":\"ImageObject\",\"inLanguage\":\"es\",\"@id\":\"https:\/\/thesonschildren.com\/#\/schema\/logo\/image\/\",\"url\":\"https:\/\/thesonschildren.com\/wp-content\/uploads\/2020\/01\/TSC-Logo-2023.png\",\"contentUrl\":\"https:\/\/thesonschildren.com\/wp-content\/uploads\/2020\/01\/TSC-Logo-2023.png\",\"width\":250,\"height\":170,\"caption\":\"The Son's Children\"},\"image\":{\"@id\":\"https:\/\/thesonschildren.com\/#\/schema\/logo\/image\/\"},\"sameAs\":[\"https:\/\/www.facebook.com\/TheSonsChildren\/\"],\"description\":\"Faith-Based Child Care Center Christian Child Care Center Learning Center\"},{\"@type\":\"Person\",\"@id\":\"https:\/\/thesonschildren.com\/#\/schema\/person\/373cc05a71f161d018bf759f80f6489b\",\"name\":\"austinwillard\",\"image\":{\"@type\":\"ImageObject\",\"inLanguage\":\"es\",\"@id\":\"https:\/\/secure.gravatar.com\/avatar\/cad8505f9cc09c313d6b4c1b0a8f8699d7f03743fa12b8478f8f12bec711d0c6?s=96&d=mm&r=g\",\"url\":\"https:\/\/secure.gravatar.com\/avatar\/cad8505f9cc09c313d6b4c1b0a8f8699d7f03743fa12b8478f8f12bec711d0c6?s=96&d=mm&r=g\",\"contentUrl\":\"https:\/\/secure.gravatar.com\/avatar\/cad8505f9cc09c313d6b4c1b0a8f8699d7f03743fa12b8478f8f12bec711d0c6?s=96&d=mm&r=g\",\"caption\":\"austinwillard\"},\"sameAs\":[\"https:\/\/thesonschildren.com\"],\"url\":\"https:\/\/thesonschildren.com\/es\/author\/austinwillard\/\"}]}<\/script>\n<!-- \/ Yoast SEO Premium plugin. -->","yoast_head_json":{"title":"Pandemic Update - The Son&#039;s Children","robots":{"index":"index","follow":"follow","max-snippet":"max-snippet:-1","max-image-preview":"max-image-preview:large","max-video-preview":"max-video-preview:-1"},"canonical":"https:\/\/thesonschildren.com\/es\/2020\/03\/31\/pandemic-update\/","og_locale":"es_MX","og_type":"article","og_title":"Pandemic Update","og_description":"The letter below went out to Parents\/Guardians\/Staff on March 31, 2020 Dear Family, By the Grace of God, we are here to serve children and their families in this difficult time.\u00a0\u00a0Our plans are to assist Governor Ducey and the state of Arizona by caring for the children of our first responders and essential business workers....","og_url":"https:\/\/thesonschildren.com\/es\/2020\/03\/31\/pandemic-update\/","og_site_name":"The Son&#039;s Children","article_publisher":"https:\/\/www.facebook.com\/TheSonsChildren\/","article_published_time":"2020-03-31T11:09:00+00:00","article_modified_time":"2020-07-22T04:04:25+00:00","og_image":[{"width":1200,"height":560,"url":"https:\/\/thesonschildren.com\/wp-content\/uploads\/2020\/03\/Prayerful-Hopeful-Careful-Blog-1200w-V2.jpg","type":"image\/jpeg"}],"author":"austinwillard","twitter_card":"summary_large_image","twitter_misc":{"Escrito por":"austinwillard","Tiempo de lectura":"1 minuto"},"schema":{"@context":"https:\/\/schema.org","@graph":[{"@type":"Article","@id":"https:\/\/thesonschildren.com\/2020\/03\/31\/pandemic-update\/#article","isPartOf":{"@id":"https:\/\/thesonschildren.com\/2020\/03\/31\/pandemic-update\/"},"author":{"name":"austinwillard","@id":"https:\/\/thesonschildren.com\/#\/schema\/person\/373cc05a71f161d018bf759f80f6489b"},"headline":"Pandemic Update","datePublished":"2020-03-31T11:09:00+00:00","dateModified":"2020-07-22T04:04:25+00:00","mainEntityOfPage":{"@id":"https:\/\/thesonschildren.com\/2020\/03\/31\/pandemic-update\/"},"wordCount":291,"publisher":{"@id":"https:\/\/thesonschildren.com\/#organization"},"image":{"@id":"https:\/\/thesonschildren.com\/2020\/03\/31\/pandemic-update\/#primaryimage"},"thumbnailUrl":"https:\/\/thesonschildren.com\/wp-content\/uploads\/2020\/03\/Prayerful-Hopeful-Careful-Blog-1200w-V2.jpg","articleSection":["Community"],"inLanguage":"es"},{"@type":"WebPage","@id":"https:\/\/thesonschildren.com\/2020\/03\/31\/pandemic-update\/","url":"https:\/\/thesonschildren.com\/2020\/03\/31\/pandemic-update\/","name":"Pandemic Update - The Son&#039;s Children","isPartOf":{"@id":"https:\/\/thesonschildren.com\/#website"},"primaryImageOfPage":{"@id":"https:\/\/thesonschildren.com\/2020\/03\/31\/pandemic-update\/#primaryimage"},"image":{"@id":"https:\/\/thesonschildren.com\/2020\/03\/31\/pandemic-update\/#primaryimage"},"thumbnailUrl":"https:\/\/thesonschildren.com\/wp-content\/uploads\/2020\/03\/Prayerful-Hopeful-Careful-Blog-1200w-V2.jpg","datePublished":"2020-03-31T11:09:00+00:00","dateModified":"2020-07-22T04:04:25+00:00","breadcrumb":{"@id":"https:\/\/thesonschildren.com\/2020\/03\/31\/pandemic-update\/#breadcrumb"},"inLanguage":"es","potentialAction":[{"@type":"ReadAction","target":["https:\/\/thesonschildren.com\/2020\/03\/31\/pandemic-update\/"]}]},{"@type":"ImageObject","inLanguage":"es","@id":"https:\/\/thesonschildren.com\/2020\/03\/31\/pandemic-update\/#primaryimage","url":"https:\/\/thesonschildren.com\/wp-content\/uploads\/2020\/03\/Prayerful-Hopeful-Careful-Blog-1200w-V2.jpg","contentUrl":"https:\/\/thesonschildren.com\/wp-content\/uploads\/2020\/03\/Prayerful-Hopeful-Careful-Blog-1200w-V2.jpg","width":1200,"height":560},{"@type":"BreadcrumbList","@id":"https:\/\/thesonschildren.com\/2020\/03\/31\/pandemic-update\/#breadcrumb","itemListElement":[{"@type":"ListItem","position":1,"name":"Home","item":"https:\/\/thesonschildren.com\/"},{"@type":"ListItem","position":2,"name":"Pandemic Update"}]},{"@type":"WebSite","@id":"https:\/\/thesonschildren.com\/#website","url":"https:\/\/thesonschildren.com\/","name":"Los hijos del Hijo","description":"Centro de aprendizaje: cuidado infantil, preescolar y extraescolar","publisher":{"@id":"https:\/\/thesonschildren.com\/#organization"},"potentialAction":[{"@type":"SearchAction","target":{"@type":"EntryPoint","urlTemplate":"https:\/\/thesonschildren.com\/?s={search_term_string}"},"query-input":{"@type":"PropertyValueSpecification","valueRequired":true,"valueName":"search_term_string"}}],"inLanguage":"es"},{"@type":"Organization","@id":"https:\/\/thesonschildren.com\/#organization","name":"Los hijos del Hijo","alternateName":"TSC","url":"https:\/\/thesonschildren.com\/","logo":{"@type":"ImageObject","inLanguage":"es","@id":"https:\/\/thesonschildren.com\/#\/schema\/logo\/image\/","url":"https:\/\/thesonschildren.com\/wp-content\/uploads\/2020\/01\/TSC-Logo-2023.png","contentUrl":"https:\/\/thesonschildren.com\/wp-content\/uploads\/2020\/01\/TSC-Logo-2023.png","width":250,"height":170,"caption":"The Son's Children"},"image":{"@id":"https:\/\/thesonschildren.com\/#\/schema\/logo\/image\/"},"sameAs":["https:\/\/www.facebook.com\/TheSonsChildren\/"],"description":"Centro de cuidado infantil basado en la fe Centro cristiano de cuidado infantil Centro de aprendizaje"},{"@type":"Person","@id":"https:\/\/thesonschildren.com\/#\/schema\/person\/373cc05a71f161d018bf759f80f6489b","name":"austinwillard","image":{"@type":"ImageObject","inLanguage":"es","@id":"https:\/\/secure.gravatar.com\/avatar\/cad8505f9cc09c313d6b4c1b0a8f8699d7f03743fa12b8478f8f12bec711d0c6?s=96&d=mm&r=g","url":"https:\/\/secure.gravatar.com\/avatar\/cad8505f9cc09c313d6b4c1b0a8f8699d7f03743fa12b8478f8f12bec711d0c6?s=96&d=mm&r=g","contentUrl":"https:\/\/secure.gravatar.com\/avatar\/cad8505f9cc09c313d6b4c1b0a8f8699d7f03743fa12b8478f8f12bec711d0c6?s=96&d=mm&r=g","caption":"austinwillard"},"sameAs":["https:\/\/thesonschildren.com"],"url":"https:\/\/thesonschildren.com\/es\/author\/austinwillard\/"}]}},"_links":{"self":[{"href":"https:\/\/thesonschildren.com\/es\/wp-json\/wp\/v2\/posts\/6981","targetHints":{"allow":["GET"]}}],"collection":[{"href":"https:\/\/thesonschildren.com\/es\/wp-json\/wp\/v2\/posts"}],"about":[{"href":"https:\/\/thesonschildren.com\/es\/wp-json\/wp\/v2\/types\/post"}],"author":[{"embeddable":true,"href":"https:\/\/thesonschildren.com\/es\/wp-json\/wp\/v2\/users\/1"}],"replies":[{"embeddable":true,"href":"https:\/\/thesonschildren.com\/es\/wp-json\/wp\/v2\/comments?post=6981"}],"version-history":[{"count":3,"href":"https:\/\/thesonschildren.com\/es\/wp-json\/wp\/v2\/posts\/6981\/revisions"}],"predecessor-version":[{"id":7097,"href":"https:\/\/thesonschildren.com\/es\/wp-json\/wp\/v2\/posts\/6981\/revisions\/7097"}],"wp:featuredmedia":[{"embeddable":true,"href":"https:\/\/thesonschildren.com\/es\/wp-json\/wp\/v2\/media\/7093"}],"wp:attachment":[{"href":"https:\/\/thesonschildren.com\/es\/wp-json\/wp\/v2\/media?parent=6981"}],"wp:term":[{"taxonomy":"category","embeddable":true,"href":"https:\/\/thesonschildren.com\/es\/wp-json\/wp\/v2\/categories?post=6981"},{"taxonomy":"post_tag","embeddable":true,"href":"https:\/\/thesonschildren.com\/es\/wp-json\/wp\/v2\/tags?post=6981"}],"curies":[{"name":"wp","href":"https:\/\/api.w.org\/{rel}","templated":true}]}}