{"id":6874,"date":"2019-12-27T15:04:06","date_gmt":"2019-12-27T15:04:06","guid":{"rendered":"http:\/\/thesonschildren.com\/?p=6874"},"modified":"2020-07-28T14:05:53","modified_gmt":"2020-07-28T14:05:53","slug":"teacher-leadership","status":"publish","type":"post","link":"https:\/\/thesonschildren.com\/es\/2019\/12\/27\/teacher-leadership\/","title":{"rendered":"Liderazgo docente"},"content":{"rendered":"<div data-elementor-type=\"wp-post\" data-elementor-id=\"6874\" class=\"elementor elementor-6874\" data-elementor-post-type=\"post\">\n\t\t\t\t\t\t<section class=\"elementor-section elementor-top-section elementor-element elementor-element-b650e35 elementor-section-boxed elementor-section-height-default elementor-section-height-default\" data-id=\"b650e35\" data-element_type=\"section\" data-e-type=\"section\">\n\t\t\t\t\t\t<div class=\"elementor-container elementor-column-gap-default\">\n\t\t\t\t\t<div class=\"elementor-column elementor-col-100 elementor-top-column elementor-element elementor-element-9aae711\" data-id=\"9aae711\" data-element_type=\"column\" data-e-type=\"column\">\n\t\t\t<div class=\"elementor-widget-wrap elementor-element-populated\">\n\t\t\t\t\t\t<div class=\"elementor-element elementor-element-15429e8 elementor-widget elementor-widget-heading\" data-id=\"15429e8\" data-element_type=\"widget\" data-e-type=\"widget\" data-widget_type=\"heading.default\">\n\t\t\t\t<div class=\"elementor-widget-container\">\n\t\t\t\t\t<h2 class=\"elementor-heading-title elementor-size-default\">\u201cUn l\u00edder es aquel que conoce el camino, lo recorre y lo muestra a los dem\u00e1s\u201d. - John C. Maxwell<\/h2>\t\t\t\t<\/div>\n\t\t\t\t<\/div>\n\t\t\t\t\t<\/div>\n\t\t<\/div>\n\t\t\t\t\t<\/div>\n\t\t<\/section>\n\t\t\t\t<section class=\"elementor-section elementor-top-section elementor-element elementor-element-7890d30 elementor-section-boxed elementor-section-height-default elementor-section-height-default\" data-id=\"7890d30\" data-element_type=\"section\" data-e-type=\"section\">\n\t\t\t\t\t\t<div class=\"elementor-container elementor-column-gap-default\">\n\t\t\t\t\t<div class=\"elementor-column elementor-col-100 elementor-top-column elementor-element elementor-element-02f9067\" data-id=\"02f9067\" data-element_type=\"column\" data-e-type=\"column\">\n\t\t\t<div class=\"elementor-widget-wrap elementor-element-populated\">\n\t\t\t\t\t\t<div class=\"elementor-element elementor-element-0e2c1fa elementor-widget elementor-widget-image\" data-id=\"0e2c1fa\" data-element_type=\"widget\" data-e-type=\"widget\" data-widget_type=\"image.default\">\n\t\t\t\t<div class=\"elementor-widget-container\">\n\t\t\t\t\t\t\t\t\t\t\t\t\t\t\t<img fetchpriority=\"high\" decoding=\"async\" width=\"1024\" height=\"573\" src=\"https:\/\/thesonschildren.com\/wp-content\/uploads\/2020\/07\/Yvette-with-Children-1200w-V1-1024x573.jpg\" class=\"attachment-large size-large wp-image-7201\" alt=\"\" srcset=\"https:\/\/thesonschildren.com\/wp-content\/uploads\/2020\/07\/Yvette-with-Children-1200w-V1-1024x573.jpg 1024w, https:\/\/thesonschildren.com\/wp-content\/uploads\/2020\/07\/Yvette-with-Children-1200w-V1-300x168.jpg 300w, https:\/\/thesonschildren.com\/wp-content\/uploads\/2020\/07\/Yvette-with-Children-1200w-V1-768x429.jpg 768w, https:\/\/thesonschildren.com\/wp-content\/uploads\/2020\/07\/Yvette-with-Children-1200w-V1-630x352.jpg 630w, https:\/\/thesonschildren.com\/wp-content\/uploads\/2020\/07\/Yvette-with-Children-1200w-V1-420x235.jpg 420w, https:\/\/thesonschildren.com\/wp-content\/uploads\/2020\/07\/Yvette-with-Children-1200w-V1-840x470.jpg 840w, https:\/\/thesonschildren.com\/wp-content\/uploads\/2020\/07\/Yvette-with-Children-1200w-V1-315x176.jpg 315w, https:\/\/thesonschildren.com\/wp-content\/uploads\/2020\/07\/Yvette-with-Children-1200w-V1.jpg 1200w\" sizes=\"(max-width: 1024px) 100vw, 1024px\" \/>\t\t\t\t\t\t\t\t\t\t\t\t\t\t\t<\/div>\n\t\t\t\t<\/div>\n\t\t\t\t\t<\/div>\n\t\t<\/div>\n\t\t\t\t\t<\/div>\n\t\t<\/section>\n\t\t\t\t<section class=\"elementor-section elementor-top-section elementor-element elementor-element-6f58e6d elementor-section-boxed elementor-section-height-default elementor-section-height-default\" data-id=\"6f58e6d\" data-element_type=\"section\" data-e-type=\"section\">\n\t\t\t\t\t\t<div class=\"elementor-container elementor-column-gap-default\">\n\t\t\t\t\t<div class=\"elementor-column elementor-col-100 elementor-top-column elementor-element elementor-element-32876ed9\" data-id=\"32876ed9\" data-element_type=\"column\" data-e-type=\"column\">\n\t\t\t<div class=\"elementor-widget-wrap elementor-element-populated\">\n\t\t\t\t\t\t<div class=\"elementor-element elementor-element-31f56b79 elementor-widget elementor-widget-text-editor\" data-id=\"31f56b79\" data-element_type=\"widget\" data-e-type=\"widget\" data-widget_type=\"text-editor.default\">\n\t\t\t\t<div class=\"elementor-widget-container\">\n\t\t\t\t\t\t\t\t\t<p>En Son\u2019s Children, damos mucho valor a la educaci\u00f3n, no solo para los ni\u00f1os a los que atendemos, sino tambi\u00e9n para los l\u00edderes que los forman. La alfabetizaci\u00f3n es extremadamente importante para el crecimiento y la sostenibilidad de nuestro centro de aprendizaje, nuestro plan de estudios y nuestros alumnos. A medida que seguimos aprendiendo, nos colocamos en una posici\u00f3n que nos permite aumentar nuestra comprensi\u00f3n y capacidad, lo que da gloria a Dios.<\/p>\n<p>Aqu\u00ed les presentamos una entrevista destacada con una de las l\u00edderes de nuestro centro, Yvette. Tuve la oportunidad de hablar con ella mientras los ni\u00f1os jugaban afuera. Espero que esto les d\u00e9 una idea de c\u00f3mo el personal de Son's Children est\u00e1 aprovechando la capacitaci\u00f3n educativa y que puedan ver algunos de los efectos inmediatos que est\u00e1 teniendo en nuestras aulas.\u00a0<\/p>\t\t\t\t\t\t\t\t<\/div>\n\t\t\t\t<\/div>\n\t\t\t\t\t<\/div>\n\t\t<\/div>\n\t\t\t\t\t<\/div>\n\t\t<\/section>\n\t\t\t\t<section class=\"elementor-section elementor-top-section elementor-element elementor-element-6bf1799 elementor-section-boxed elementor-section-height-default elementor-section-height-default\" data-id=\"6bf1799\" data-element_type=\"section\" data-e-type=\"section\">\n\t\t\t\t\t\t<div class=\"elementor-container elementor-column-gap-default\">\n\t\t\t\t\t<div class=\"elementor-column elementor-col-50 elementor-top-column elementor-element elementor-element-345b998\" data-id=\"345b998\" data-element_type=\"column\" data-e-type=\"column\">\n\t\t\t<div class=\"elementor-widget-wrap elementor-element-populated\">\n\t\t\t\t\t\t<div class=\"elementor-element elementor-element-e35b969 elementor-widget elementor-widget-text-editor\" data-id=\"e35b969\" data-element_type=\"widget\" data-e-type=\"widget\" data-widget_type=\"text-editor.default\">\n\t\t\t\t<div class=\"elementor-widget-container\">\n\t\t\t\t\t\t\t\t\t<p>En Son\u2019s Children, damos mucho valor a la educaci\u00f3n, no solo para los ni\u00f1os a los que atendemos, sino tambi\u00e9n para los l\u00edderes que los forman. La alfabetizaci\u00f3n es extremadamente importante para el crecimiento y la sostenibilidad de nuestro centro de aprendizaje, nuestro plan de estudios y nuestros alumnos. A medida que seguimos aprendiendo, nos colocamos en una posici\u00f3n que nos permite aumentar nuestra comprensi\u00f3n y capacidad, lo que da gloria a Dios.<\/p><p>\u00a0<\/p><p>Aqu\u00ed les presentamos una entrevista destacada con una de las l\u00edderes de nuestro centro, Yvette. Tuve la oportunidad de hablar con ella mientras los ni\u00f1os jugaban afuera. Espero que esto les d\u00e9 una idea de c\u00f3mo el personal de Son's Children est\u00e1 aprovechando la capacitaci\u00f3n educativa y que puedan ver algunos de los efectos inmediatos que est\u00e1 teniendo en nuestras aulas.\u00a0<\/p><p>\u00a0<\/p>\t\t\t\t\t\t\t\t<\/div>\n\t\t\t\t<\/div>\n\t\t\t\t\t<\/div>\n\t\t<\/div>\n\t\t\t\t<div class=\"elementor-column elementor-col-50 elementor-top-column elementor-element elementor-element-5fc752a\" data-id=\"5fc752a\" data-element_type=\"column\" data-e-type=\"column\">\n\t\t\t<div class=\"elementor-widget-wrap elementor-element-populated\">\n\t\t\t\t\t\t<div class=\"elementor-element elementor-element-d72d208 elementor-widget elementor-widget-image\" data-id=\"d72d208\" data-element_type=\"widget\" data-e-type=\"widget\" data-widget_type=\"image.default\">\n\t\t\t\t<div class=\"elementor-widget-container\">\n\t\t\t\t\t\t\t\t\t\t\t\t\t\t\t<img decoding=\"async\" width=\"346\" height=\"400\" src=\"https:\/\/thesonschildren.com\/wp-content\/uploads\/2019\/12\/Yvette-2-400h-v1.jpg\" class=\"attachment-large size-large wp-image-7205\" alt=\"\" srcset=\"https:\/\/thesonschildren.com\/wp-content\/uploads\/2019\/12\/Yvette-2-400h-v1.jpg 346w, https:\/\/thesonschildren.com\/wp-content\/uploads\/2019\/12\/Yvette-2-400h-v1-260x300.jpg 260w, https:\/\/thesonschildren.com\/wp-content\/uploads\/2019\/12\/Yvette-2-400h-v1-315x364.jpg 315w\" sizes=\"(max-width: 346px) 100vw, 346px\" \/>\t\t\t\t\t\t\t\t\t\t\t\t\t\t\t<\/div>\n\t\t\t\t<\/div>\n\t\t\t\t\t<\/div>\n\t\t<\/div>\n\t\t\t\t\t<\/div>\n\t\t<\/section>\n\t\t\t\t<section class=\"elementor-section elementor-top-section elementor-element elementor-element-6adee54 elementor-section-boxed elementor-section-height-default elementor-section-height-default\" data-id=\"6adee54\" data-element_type=\"section\" data-e-type=\"section\">\n\t\t\t\t\t\t<div class=\"elementor-container elementor-column-gap-default\">\n\t\t\t\t\t<div class=\"elementor-column elementor-col-100 elementor-top-column elementor-element elementor-element-2ded921\" data-id=\"2ded921\" data-element_type=\"column\" data-e-type=\"column\">\n\t\t\t<div class=\"elementor-widget-wrap elementor-element-populated\">\n\t\t\t\t\t\t<div class=\"elementor-element elementor-element-683451f elementor-widget elementor-widget-text-editor\" data-id=\"683451f\" data-element_type=\"widget\" data-e-type=\"widget\" data-widget_type=\"text-editor.default\">\n\t\t\t\t<div class=\"elementor-widget-container\">\n\t\t\t\t\t\t\t\t\t<p>B: Yvette, en el cuidado infantil se trabaja con ni\u00f1os de cualquier edad, desde beb\u00e9s hasta los 12 a\u00f1os. \u00bfPor qu\u00e9 trabajas con ni\u00f1os de 3 y 4 a\u00f1os?<\/p><p>Y: Porque una vez que empec\u00e9 a ense\u00f1arles, me encantaba ver ese momento de revelaci\u00f3n en el que se les encend\u00eda la bombilla.<\/p><p>B: Eso est\u00e1 muy bien. \u00bfMe puedes hablar de c\u00f3mo ves la educaci\u00f3n? \u00bfQu\u00e9 importancia tiene para ti?\u00a0<\/p><p>Y: La educaci\u00f3n es y siempre ha sido importante para m\u00ed. \u00a1Me importaba m\u00e1s la educaci\u00f3n que el dinero! Siempre hay conocimientos ah\u00ed fuera. Siempre hay algo que aprender. Nunca se deja de aprender, y no siempre es en los libros. Est\u00e1 en las personas y en las cosas. La educaci\u00f3n es lo m\u00e1s importante para m\u00ed.\u00a0<\/p><p>B: Es una perspectiva estupenda. Me encanta. Entonces, \u00bfpuedes decirme d\u00f3nde est\u00e1 la conexi\u00f3n entre la educaci\u00f3n que est\u00e1s siguiendo ahora y tu forma de ense\u00f1ar a tus hijos?<\/p><p>Y: Su juego. El juego es mucho m\u00e1s que solo jugar, y eso lo aprend\u00ed en mi clase. Ahora mismo est\u00e1n aprendiendo a mantener el equilibrio, a resolver problemas, a pensar de forma cr\u00edtica, a controlar sus emociones, a socializar con los dem\u00e1s, habilidades ling\u00fc\u00edsticas y desarrollo cerebral.<\/p><p>B: Muy bien. \u00bfCrees que los ni\u00f1os pueden notar la diferencia entre un maestro que contin\u00faa su formaci\u00f3n y uno que no lo hace?<\/p>\t\t\t\t\t\t\t\t<\/div>\n\t\t\t\t<\/div>\n\t\t\t\t\t<\/div>\n\t\t<\/div>\n\t\t\t\t\t<\/div>\n\t\t<\/section>\n\t\t\t\t<section class=\"elementor-section elementor-top-section elementor-element elementor-element-3a2fb83 elementor-section-boxed elementor-section-height-default elementor-section-height-default\" data-id=\"3a2fb83\" data-element_type=\"section\" data-e-type=\"section\">\n\t\t\t\t\t\t<div class=\"elementor-container elementor-column-gap-default\">\n\t\t\t\t\t<div class=\"elementor-column elementor-col-50 elementor-top-column elementor-element elementor-element-d3aaf1a\" data-id=\"d3aaf1a\" data-element_type=\"column\" data-e-type=\"column\">\n\t\t\t<div class=\"elementor-widget-wrap elementor-element-populated\">\n\t\t\t\t\t\t<div class=\"elementor-element elementor-element-d30d72d elementor-widget elementor-widget-image\" data-id=\"d30d72d\" data-element_type=\"widget\" data-e-type=\"widget\" data-widget_type=\"image.default\">\n\t\t\t\t<div class=\"elementor-widget-container\">\n\t\t\t\t\t\t\t\t\t\t\t\t\t\t\t<img decoding=\"async\" width=\"400\" height=\"400\" src=\"https:\/\/thesonschildren.com\/wp-content\/uploads\/2019\/12\/Yvette-3-400h-v1.jpg\" class=\"attachment-large size-large wp-image-7207\" alt=\"\" srcset=\"https:\/\/thesonschildren.com\/wp-content\/uploads\/2019\/12\/Yvette-3-400h-v1.jpg 400w, https:\/\/thesonschildren.com\/wp-content\/uploads\/2019\/12\/Yvette-3-400h-v1-300x300.jpg 300w, https:\/\/thesonschildren.com\/wp-content\/uploads\/2019\/12\/Yvette-3-400h-v1-150x150.jpg 150w, https:\/\/thesonschildren.com\/wp-content\/uploads\/2019\/12\/Yvette-3-400h-v1-315x315.jpg 315w, https:\/\/thesonschildren.com\/wp-content\/uploads\/2019\/12\/Yvette-3-400h-v1-100x100.jpg 100w\" sizes=\"(max-width: 400px) 100vw, 400px\" \/>\t\t\t\t\t\t\t\t\t\t\t\t\t\t\t<\/div>\n\t\t\t\t<\/div>\n\t\t\t\t\t<\/div>\n\t\t<\/div>\n\t\t\t\t<div class=\"elementor-column elementor-col-50 elementor-top-column elementor-element elementor-element-fda343e\" data-id=\"fda343e\" data-element_type=\"column\" data-e-type=\"column\">\n\t\t\t<div class=\"elementor-widget-wrap elementor-element-populated\">\n\t\t\t\t\t\t<div class=\"elementor-element elementor-element-33a7f40 elementor-widget elementor-widget-text-editor\" data-id=\"33a7f40\" data-element_type=\"widget\" data-e-type=\"widget\" data-widget_type=\"text-editor.default\">\n\t\t\t\t<div class=\"elementor-widget-container\">\n\t\t\t\t\t\t\t\t\t<p>Y: Buena pregunta. S\u00e9 que pueden darse cuenta, por ejemplo, de si un maestro est\u00e1 teniendo un buen d\u00eda o un mal d\u00eda. Por eso, creo que si el maestro sabe c\u00f3mo aplicar su formaci\u00f3n en el sal\u00f3n de clases para que los ni\u00f1os puedan aprender, ellos se dar\u00e1n cuenta.\u00a0<\/p><p>B: Lo entiendo, porque los maestros abordan su trabajo de manera diferente cuando tienen formaci\u00f3n en las \u00e1reas que ense\u00f1an. Bien, \u00bfcu\u00e1les son algunos de los beneficios inmediatos que est\u00e1s notando en tu sal\u00f3n de clases como resultado de tu formaci\u00f3n?<\/p><p>Y: Para m\u00ed, es la forma en que se me ocurren las actividades ahora que estoy tratando de ense\u00f1arles. Les encanta jugar y aprenden mejor cuando juegan. As\u00ed que tengo que ense\u00f1arles de una manera que les entusiasme.\u00a0<\/p><p>B: Eso es maravilloso. Ahora, d\u00e9jame preguntarte esto. \u00bfHubo alg\u00fan temor que tuvieras que superar para volver a la escuela?<\/p><p>\u00a0<\/p>\t\t\t\t\t\t\t\t<\/div>\n\t\t\t\t<\/div>\n\t\t\t\t\t<\/div>\n\t\t<\/div>\n\t\t\t\t\t<\/div>\n\t\t<\/section>\n\t\t\t\t<section class=\"elementor-section elementor-top-section elementor-element elementor-element-46bb4bb elementor-section-boxed elementor-section-height-default elementor-section-height-default\" data-id=\"46bb4bb\" data-element_type=\"section\" data-e-type=\"section\">\n\t\t\t\t\t\t<div class=\"elementor-container elementor-column-gap-default\">\n\t\t\t\t\t<div class=\"elementor-column elementor-col-100 elementor-top-column elementor-element elementor-element-db907cf\" data-id=\"db907cf\" data-element_type=\"column\" data-e-type=\"column\">\n\t\t\t<div class=\"elementor-widget-wrap elementor-element-populated\">\n\t\t\t\t\t\t<div class=\"elementor-element elementor-element-c72ab7f elementor-widget elementor-widget-text-editor\" data-id=\"c72ab7f\" data-element_type=\"widget\" data-e-type=\"widget\" data-widget_type=\"text-editor.default\">\n\t\t\t\t<div class=\"elementor-widget-container\">\n\t\t\t\t\t\t\t\t\t<p>Y: Solo ten\u00eda que dejar de ser perezoso y salir de mi zona de confort. Siempre me ha gustado la escuela. Me encantaba aprender por mi cuenta, pero me hab\u00eda acomodado en mi vida. As\u00ed que necesitaba salir de ese espacio. \u00a1Ese era realmente el \u00fanico miedo que ten\u00eda que superar!<\/p><p>Yvette est\u00e1 tomando medidas inmediatas en relaci\u00f3n con los cursos en los que est\u00e1 inscrita actualmente. Adem\u00e1s, ya estamos viendo el gran impacto que est\u00e1 teniendo la continuaci\u00f3n de su educaci\u00f3n en su estilo de ense\u00f1anza.\u00a0<\/p><p>Espero que esto les anime, ya sean padres, miembros de la comunidad o socios, a ver los maravillosos beneficios de la educaci\u00f3n y c\u00f3mo est\u00e1 creando una cultura de crecimiento positivo en el centro. \u00a1Seguiremos avanzando en nuestro aprendizaje para poder guiar eficazmente a nuestros futuros l\u00edderes!\u00a0<\/p><p>Despu\u00e9s de todo, por eso estamos aqu\u00ed.<\/p><p>\u00a1Bendiciones en abundancia!<\/p><p><strong><em>Art\u00edculo de blog de Britnee Bradshaw<\/em><\/strong><\/p><p>\u00a0<\/p>\t\t\t\t\t\t\t\t<\/div>\n\t\t\t\t<\/div>\n\t\t\t\t\t<\/div>\n\t\t<\/div>\n\t\t\t\t\t<\/div>\n\t\t<\/section>\n\t\t\t\t<\/div>","protected":false},"excerpt":{"rendered":"<p>\u201cA Leader is one who knows the way, goes the way, and shows the way.\u201d &#8211; John C. Maxwell At the Son\u2019s Children, we place a very high value on education\u2014not only for the children we serve, but the leaders who develop them!&nbsp;&nbsp;Literacy is extremely important to the growth and sustainability of our Learning Center,&#8230;<\/p>","protected":false},"author":4,"featured_media":7201,"comment_status":"open","ping_status":"open","sticky":false,"template":"","format":"standard","meta":{"footnotes":""},"categories":[18,17,20],"tags":[],"class_list":["post-6874","post","type-post","status-publish","format-standard","has-post-thumbnail","hentry","category-children","category-community","category-teachers"],"yoast_head":"<!-- This site is optimized with the Yoast SEO Premium plugin v27.2 (Yoast SEO v27.2) - https:\/\/yoast.com\/product\/yoast-seo-premium-wordpress\/ -->\n<title>Teacher Leadership - The Son&#039;s Children<\/title>\n<meta name=\"robots\" content=\"index, follow, max-snippet:-1, max-image-preview:large, max-video-preview:-1\" \/>\n<link rel=\"canonical\" href=\"https:\/\/thesonschildren.com\/es\/2019\/12\/27\/teacher-leadership\/\" \/>\n<meta property=\"og:locale\" content=\"es_MX\" \/>\n<meta property=\"og:type\" content=\"article\" \/>\n<meta property=\"og:title\" content=\"Teacher Leadership\" \/>\n<meta property=\"og:description\" content=\"\u201cA Leader is one who knows the way, goes the way, and shows the way.\u201d &#8211; John C. Maxwell At the Son\u2019s Children, we place a very high value on education\u2014not only for the children we serve, but the leaders who develop them!&nbsp;&nbsp;Literacy is extremely important to the growth and sustainability of our Learning Center,...\" \/>\n<meta property=\"og:url\" content=\"https:\/\/thesonschildren.com\/es\/2019\/12\/27\/teacher-leadership\/\" \/>\n<meta property=\"og:site_name\" content=\"The Son&#039;s Children\" \/>\n<meta property=\"article:publisher\" content=\"https:\/\/www.facebook.com\/TheSonsChildren\/\" \/>\n<meta property=\"article:published_time\" content=\"2019-12-27T15:04:06+00:00\" \/>\n<meta property=\"article:modified_time\" content=\"2020-07-28T14:05:53+00:00\" \/>\n<meta property=\"og:image\" content=\"https:\/\/thesonschildren.com\/wp-content\/uploads\/2020\/07\/Yvette-with-Children-1200w-V1.jpg\" \/>\n\t<meta property=\"og:image:width\" content=\"1200\" \/>\n\t<meta property=\"og:image:height\" content=\"671\" \/>\n\t<meta property=\"og:image:type\" content=\"image\/jpeg\" \/>\n<meta name=\"author\" content=\"Britnee Bradshaw\" \/>\n<meta name=\"twitter:card\" content=\"summary_large_image\" \/>\n<meta name=\"twitter:label1\" content=\"Escrito por\" \/>\n\t<meta name=\"twitter:data1\" content=\"Britnee Bradshaw\" \/>\n\t<meta name=\"twitter:label2\" content=\"Tiempo de lectura\" \/>\n\t<meta name=\"twitter:data2\" content=\"4 minutos\" \/>\n<script type=\"application\/ld+json\" class=\"yoast-schema-graph\">{\"@context\":\"https:\/\/schema.org\",\"@graph\":[{\"@type\":\"Article\",\"@id\":\"https:\/\/thesonschildren.com\/2019\/12\/27\/teacher-leadership\/#article\",\"isPartOf\":{\"@id\":\"https:\/\/thesonschildren.com\/2019\/12\/27\/teacher-leadership\/\"},\"author\":{\"name\":\"Britnee Bradshaw\",\"@id\":\"https:\/\/thesonschildren.com\/#\/schema\/person\/f876f737151ecaa5ab99678474c0d80f\"},\"headline\":\"Teacher Leadership\",\"datePublished\":\"2019-12-27T15:04:06+00:00\",\"dateModified\":\"2020-07-28T14:05:53+00:00\",\"mainEntityOfPage\":{\"@id\":\"https:\/\/thesonschildren.com\/2019\/12\/27\/teacher-leadership\/\"},\"wordCount\":839,\"commentCount\":0,\"publisher\":{\"@id\":\"https:\/\/thesonschildren.com\/#organization\"},\"image\":{\"@id\":\"https:\/\/thesonschildren.com\/2019\/12\/27\/teacher-leadership\/#primaryimage\"},\"thumbnailUrl\":\"https:\/\/thesonschildren.com\/wp-content\/uploads\/2020\/07\/Yvette-with-Children-1200w-V1.jpg\",\"articleSection\":[\"Children\",\"Community\",\"Teachers\"],\"inLanguage\":\"es\",\"potentialAction\":[{\"@type\":\"CommentAction\",\"name\":\"Comment\",\"target\":[\"https:\/\/thesonschildren.com\/2019\/12\/27\/teacher-leadership\/#respond\"]}]},{\"@type\":\"WebPage\",\"@id\":\"https:\/\/thesonschildren.com\/2019\/12\/27\/teacher-leadership\/\",\"url\":\"https:\/\/thesonschildren.com\/2019\/12\/27\/teacher-leadership\/\",\"name\":\"Teacher Leadership - The Son&#039;s Children\",\"isPartOf\":{\"@id\":\"https:\/\/thesonschildren.com\/#website\"},\"primaryImageOfPage\":{\"@id\":\"https:\/\/thesonschildren.com\/2019\/12\/27\/teacher-leadership\/#primaryimage\"},\"image\":{\"@id\":\"https:\/\/thesonschildren.com\/2019\/12\/27\/teacher-leadership\/#primaryimage\"},\"thumbnailUrl\":\"https:\/\/thesonschildren.com\/wp-content\/uploads\/2020\/07\/Yvette-with-Children-1200w-V1.jpg\",\"datePublished\":\"2019-12-27T15:04:06+00:00\",\"dateModified\":\"2020-07-28T14:05:53+00:00\",\"breadcrumb\":{\"@id\":\"https:\/\/thesonschildren.com\/2019\/12\/27\/teacher-leadership\/#breadcrumb\"},\"inLanguage\":\"es\",\"potentialAction\":[{\"@type\":\"ReadAction\",\"target\":[\"https:\/\/thesonschildren.com\/2019\/12\/27\/teacher-leadership\/\"]}]},{\"@type\":\"ImageObject\",\"inLanguage\":\"es\",\"@id\":\"https:\/\/thesonschildren.com\/2019\/12\/27\/teacher-leadership\/#primaryimage\",\"url\":\"https:\/\/thesonschildren.com\/wp-content\/uploads\/2020\/07\/Yvette-with-Children-1200w-V1.jpg\",\"contentUrl\":\"https:\/\/thesonschildren.com\/wp-content\/uploads\/2020\/07\/Yvette-with-Children-1200w-V1.jpg\",\"width\":1200,\"height\":671},{\"@type\":\"BreadcrumbList\",\"@id\":\"https:\/\/thesonschildren.com\/2019\/12\/27\/teacher-leadership\/#breadcrumb\",\"itemListElement\":[{\"@type\":\"ListItem\",\"position\":1,\"name\":\"Home\",\"item\":\"https:\/\/thesonschildren.com\/\"},{\"@type\":\"ListItem\",\"position\":2,\"name\":\"Teacher Leadership\"}]},{\"@type\":\"WebSite\",\"@id\":\"https:\/\/thesonschildren.com\/#website\",\"url\":\"https:\/\/thesonschildren.com\/\",\"name\":\"The Son's Children\",\"description\":\"Learning Center - Infant, Preschool &amp; After-School Care\",\"publisher\":{\"@id\":\"https:\/\/thesonschildren.com\/#organization\"},\"potentialAction\":[{\"@type\":\"SearchAction\",\"target\":{\"@type\":\"EntryPoint\",\"urlTemplate\":\"https:\/\/thesonschildren.com\/?s={search_term_string}\"},\"query-input\":{\"@type\":\"PropertyValueSpecification\",\"valueRequired\":true,\"valueName\":\"search_term_string\"}}],\"inLanguage\":\"es\"},{\"@type\":\"Organization\",\"@id\":\"https:\/\/thesonschildren.com\/#organization\",\"name\":\"The Son's Children\",\"alternateName\":\"TSC\",\"url\":\"https:\/\/thesonschildren.com\/\",\"logo\":{\"@type\":\"ImageObject\",\"inLanguage\":\"es\",\"@id\":\"https:\/\/thesonschildren.com\/#\/schema\/logo\/image\/\",\"url\":\"https:\/\/thesonschildren.com\/wp-content\/uploads\/2020\/01\/TSC-Logo-2023.png\",\"contentUrl\":\"https:\/\/thesonschildren.com\/wp-content\/uploads\/2020\/01\/TSC-Logo-2023.png\",\"width\":250,\"height\":170,\"caption\":\"The Son's Children\"},\"image\":{\"@id\":\"https:\/\/thesonschildren.com\/#\/schema\/logo\/image\/\"},\"sameAs\":[\"https:\/\/www.facebook.com\/TheSonsChildren\/\"],\"description\":\"Faith-Based Child Care Center Christian Child Care Center Learning Center\"},{\"@type\":\"Person\",\"@id\":\"https:\/\/thesonschildren.com\/#\/schema\/person\/f876f737151ecaa5ab99678474c0d80f\",\"name\":\"Britnee Bradshaw\",\"image\":{\"@type\":\"ImageObject\",\"inLanguage\":\"es\",\"@id\":\"https:\/\/secure.gravatar.com\/avatar\/077670c1f36fde1125dffa06cd2f902aae06692ed88b172ccfa261eff9adcd26?s=96&d=mm&r=g\",\"url\":\"https:\/\/secure.gravatar.com\/avatar\/077670c1f36fde1125dffa06cd2f902aae06692ed88b172ccfa261eff9adcd26?s=96&d=mm&r=g\",\"contentUrl\":\"https:\/\/secure.gravatar.com\/avatar\/077670c1f36fde1125dffa06cd2f902aae06692ed88b172ccfa261eff9adcd26?s=96&d=mm&r=g\",\"caption\":\"Britnee Bradshaw\"},\"url\":\"https:\/\/thesonschildren.com\/es\/author\/britnee-bradshaw\/\"}]}<\/script>\n<!-- \/ Yoast SEO Premium plugin. -->","yoast_head_json":{"title":"Teacher Leadership - The Son&#039;s Children","robots":{"index":"index","follow":"follow","max-snippet":"max-snippet:-1","max-image-preview":"max-image-preview:large","max-video-preview":"max-video-preview:-1"},"canonical":"https:\/\/thesonschildren.com\/es\/2019\/12\/27\/teacher-leadership\/","og_locale":"es_MX","og_type":"article","og_title":"Teacher Leadership","og_description":"\u201cA Leader is one who knows the way, goes the way, and shows the way.\u201d &#8211; John C. Maxwell At the Son\u2019s Children, we place a very high value on education\u2014not only for the children we serve, but the leaders who develop them!&nbsp;&nbsp;Literacy is extremely important to the growth and sustainability of our Learning Center,...","og_url":"https:\/\/thesonschildren.com\/es\/2019\/12\/27\/teacher-leadership\/","og_site_name":"The Son&#039;s Children","article_publisher":"https:\/\/www.facebook.com\/TheSonsChildren\/","article_published_time":"2019-12-27T15:04:06+00:00","article_modified_time":"2020-07-28T14:05:53+00:00","og_image":[{"width":1200,"height":671,"url":"https:\/\/thesonschildren.com\/wp-content\/uploads\/2020\/07\/Yvette-with-Children-1200w-V1.jpg","type":"image\/jpeg"}],"author":"Britnee Bradshaw","twitter_card":"summary_large_image","twitter_misc":{"Escrito por":"Britnee Bradshaw","Tiempo de lectura":"4 minutos"},"schema":{"@context":"https:\/\/schema.org","@graph":[{"@type":"Article","@id":"https:\/\/thesonschildren.com\/2019\/12\/27\/teacher-leadership\/#article","isPartOf":{"@id":"https:\/\/thesonschildren.com\/2019\/12\/27\/teacher-leadership\/"},"author":{"name":"Britnee Bradshaw","@id":"https:\/\/thesonschildren.com\/#\/schema\/person\/f876f737151ecaa5ab99678474c0d80f"},"headline":"Teacher Leadership","datePublished":"2019-12-27T15:04:06+00:00","dateModified":"2020-07-28T14:05:53+00:00","mainEntityOfPage":{"@id":"https:\/\/thesonschildren.com\/2019\/12\/27\/teacher-leadership\/"},"wordCount":839,"commentCount":0,"publisher":{"@id":"https:\/\/thesonschildren.com\/#organization"},"image":{"@id":"https:\/\/thesonschildren.com\/2019\/12\/27\/teacher-leadership\/#primaryimage"},"thumbnailUrl":"https:\/\/thesonschildren.com\/wp-content\/uploads\/2020\/07\/Yvette-with-Children-1200w-V1.jpg","articleSection":["Children","Community","Teachers"],"inLanguage":"es","potentialAction":[{"@type":"CommentAction","name":"Comment","target":["https:\/\/thesonschildren.com\/2019\/12\/27\/teacher-leadership\/#respond"]}]},{"@type":"WebPage","@id":"https:\/\/thesonschildren.com\/2019\/12\/27\/teacher-leadership\/","url":"https:\/\/thesonschildren.com\/2019\/12\/27\/teacher-leadership\/","name":"Teacher Leadership - The Son&#039;s Children","isPartOf":{"@id":"https:\/\/thesonschildren.com\/#website"},"primaryImageOfPage":{"@id":"https:\/\/thesonschildren.com\/2019\/12\/27\/teacher-leadership\/#primaryimage"},"image":{"@id":"https:\/\/thesonschildren.com\/2019\/12\/27\/teacher-leadership\/#primaryimage"},"thumbnailUrl":"https:\/\/thesonschildren.com\/wp-content\/uploads\/2020\/07\/Yvette-with-Children-1200w-V1.jpg","datePublished":"2019-12-27T15:04:06+00:00","dateModified":"2020-07-28T14:05:53+00:00","breadcrumb":{"@id":"https:\/\/thesonschildren.com\/2019\/12\/27\/teacher-leadership\/#breadcrumb"},"inLanguage":"es","potentialAction":[{"@type":"ReadAction","target":["https:\/\/thesonschildren.com\/2019\/12\/27\/teacher-leadership\/"]}]},{"@type":"ImageObject","inLanguage":"es","@id":"https:\/\/thesonschildren.com\/2019\/12\/27\/teacher-leadership\/#primaryimage","url":"https:\/\/thesonschildren.com\/wp-content\/uploads\/2020\/07\/Yvette-with-Children-1200w-V1.jpg","contentUrl":"https:\/\/thesonschildren.com\/wp-content\/uploads\/2020\/07\/Yvette-with-Children-1200w-V1.jpg","width":1200,"height":671},{"@type":"BreadcrumbList","@id":"https:\/\/thesonschildren.com\/2019\/12\/27\/teacher-leadership\/#breadcrumb","itemListElement":[{"@type":"ListItem","position":1,"name":"Home","item":"https:\/\/thesonschildren.com\/"},{"@type":"ListItem","position":2,"name":"Teacher Leadership"}]},{"@type":"WebSite","@id":"https:\/\/thesonschildren.com\/#website","url":"https:\/\/thesonschildren.com\/","name":"Los hijos del Hijo","description":"Centro de aprendizaje: cuidado infantil, preescolar y extraescolar","publisher":{"@id":"https:\/\/thesonschildren.com\/#organization"},"potentialAction":[{"@type":"SearchAction","target":{"@type":"EntryPoint","urlTemplate":"https:\/\/thesonschildren.com\/?s={search_term_string}"},"query-input":{"@type":"PropertyValueSpecification","valueRequired":true,"valueName":"search_term_string"}}],"inLanguage":"es"},{"@type":"Organization","@id":"https:\/\/thesonschildren.com\/#organization","name":"Los hijos del Hijo","alternateName":"TSC","url":"https:\/\/thesonschildren.com\/","logo":{"@type":"ImageObject","inLanguage":"es","@id":"https:\/\/thesonschildren.com\/#\/schema\/logo\/image\/","url":"https:\/\/thesonschildren.com\/wp-content\/uploads\/2020\/01\/TSC-Logo-2023.png","contentUrl":"https:\/\/thesonschildren.com\/wp-content\/uploads\/2020\/01\/TSC-Logo-2023.png","width":250,"height":170,"caption":"The Son's Children"},"image":{"@id":"https:\/\/thesonschildren.com\/#\/schema\/logo\/image\/"},"sameAs":["https:\/\/www.facebook.com\/TheSonsChildren\/"],"description":"Centro de cuidado infantil basado en la fe Centro cristiano de cuidado infantil Centro de aprendizaje"},{"@type":"Person","@id":"https:\/\/thesonschildren.com\/#\/schema\/person\/f876f737151ecaa5ab99678474c0d80f","name":"Britnee Bradshaw","image":{"@type":"ImageObject","inLanguage":"es","@id":"https:\/\/secure.gravatar.com\/avatar\/077670c1f36fde1125dffa06cd2f902aae06692ed88b172ccfa261eff9adcd26?s=96&d=mm&r=g","url":"https:\/\/secure.gravatar.com\/avatar\/077670c1f36fde1125dffa06cd2f902aae06692ed88b172ccfa261eff9adcd26?s=96&d=mm&r=g","contentUrl":"https:\/\/secure.gravatar.com\/avatar\/077670c1f36fde1125dffa06cd2f902aae06692ed88b172ccfa261eff9adcd26?s=96&d=mm&r=g","caption":"Britnee Bradshaw"},"url":"https:\/\/thesonschildren.com\/es\/author\/britnee-bradshaw\/"}]}},"_links":{"self":[{"href":"https:\/\/thesonschildren.com\/es\/wp-json\/wp\/v2\/posts\/6874","targetHints":{"allow":["GET"]}}],"collection":[{"href":"https:\/\/thesonschildren.com\/es\/wp-json\/wp\/v2\/posts"}],"about":[{"href":"https:\/\/thesonschildren.com\/es\/wp-json\/wp\/v2\/types\/post"}],"author":[{"embeddable":true,"href":"https:\/\/thesonschildren.com\/es\/wp-json\/wp\/v2\/users\/4"}],"replies":[{"embeddable":true,"href":"https:\/\/thesonschildren.com\/es\/wp-json\/wp\/v2\/comments?post=6874"}],"version-history":[{"count":7,"href":"https:\/\/thesonschildren.com\/es\/wp-json\/wp\/v2\/posts\/6874\/revisions"}],"predecessor-version":[{"id":7210,"href":"https:\/\/thesonschildren.com\/es\/wp-json\/wp\/v2\/posts\/6874\/revisions\/7210"}],"wp:featuredmedia":[{"embeddable":true,"href":"https:\/\/thesonschildren.com\/es\/wp-json\/wp\/v2\/media\/7201"}],"wp:attachment":[{"href":"https:\/\/thesonschildren.com\/es\/wp-json\/wp\/v2\/media?parent=6874"}],"wp:term":[{"taxonomy":"category","embeddable":true,"href":"https:\/\/thesonschildren.com\/es\/wp-json\/wp\/v2\/categories?post=6874"},{"taxonomy":"post_tag","embeddable":true,"href":"https:\/\/thesonschildren.com\/es\/wp-json\/wp\/v2\/tags?post=6874"}],"curies":[{"name":"wp","href":"https:\/\/api.w.org\/{rel}","templated":true}]}}